{"id":100,"date":"2020-05-25T10:17:13","date_gmt":"2020-05-25T13:17:13","guid":{"rendered":"https:\/\/folhaminasgerais.wordpress.com\/?p=100"},"modified":"2020-05-25T10:17:13","modified_gmt":"2020-05-25T13:17:13","slug":"cuidados-com-saude-bucal-dos-idosos-devem-ser-redobrados-durante-a-quarentena","status":"publish","type":"post","link":"http:\/\/folhaminasgerais.com.br\/index.php\/2020\/05\/25\/cuidados-com-saude-bucal-dos-idosos-devem-ser-redobrados-durante-a-quarentena\/","title":{"rendered":"Cuidados com sa\u00fade bucal dos idosos devem ser redobrados durante a quarentena"},"content":{"rendered":"\n<p class=\"has-text-align-center\"><strong><em>Envelhecimento pode provocar sensibilidade e aumento de doen\u00e7as bucais causando altera\u00e7\u00f5es em todo organismo<\/em><\/strong><\/p>\n\n\n\n<p><br>A sa\u00fade bucal merece aten\u00e7\u00e3o durante toda a vida. Por\u00e9m, com o passar dos anos, \u00e9 normal que diversos aspectos do organismo se tornem mais sens\u00edveis, exigindo que os cuidados sejam redobrados. Com a pandemia de Covid-19 e a recomenda\u00e7\u00e3o de evitar ao m\u00e1ximo sair de casa, principalmente por serem considerados grupo de risco, os idosos devem cuidar ainda mais da boca para evitar desconforto ou situa\u00e7\u00f5es de emerg\u00eancia.<\/p>\n\n\n\n<p>Thiago Penna, cirurgi\u00e3o-dentista e p\u00f3s-graduado em Reabilita\u00e7\u00e3o Oral Avan\u00e7ada, explica que o primeiro passo \u00e9 a higieniza\u00e7\u00e3o. \u201c\u00c9 muito comum nos preocuparmos com as crian\u00e7as, j\u00e1 que elas ainda est\u00e3o aprendendo. Por\u00e9m, muitos idosos podem apresentar alguma dificuldade motora que atrapalha na hora da higieniza\u00e7\u00e3o. Al\u00e9m disso, as distra\u00e7\u00f5es do dia-a-dia e o excesso de informa\u00e7\u00e3o podem levar ao esquecimento dessa parte t\u00e3o importante da rotina bucal\u201d, ressalta. \u201cPortanto, n\u00e3o se esque\u00e7a: fa\u00e7a a escova\u00e7\u00e3o completa e utilize o fio dental sempre ap\u00f3s as refei\u00e7\u00f5es\u201d, completa.<\/p>\n\n\n\n<p>Al\u00e9m dos problemas mais corriqueiros, como as c\u00e1ries, toda essa rotina de cuidados tamb\u00e9m \u00e9 fundamental para evitar outras doen\u00e7as comuns que afetam os idosos. \u201cPor estarem com o organismo mais sens\u00edvel, essa fase pode trazer alguns problemas bucais que s\u00e3o porta de entrada para outras doen\u00e7as em diversas \u00e1reas do organismo. Entre elas, as mais comuns s\u00e3o as doen\u00e7as periodontais, a xerostomia (conhecida como \u201cboca seca\u201d), aumento nas c\u00e1ries, desgaste na estrutura \u00f3ssea e outras\u201d, alerta Thiago.<\/p>\n\n\n\n<p><strong>Fonte: Thiago Penna, cirurgi\u00e3o dentista. P\u00f3s-graduado em Reabilita\u00e7\u00e3o Oral Avan\u00e7ada e Harmoniza\u00e7\u00e3o Oro Facial Avan\u00e7ada (Brasil \/ EUA). Propriet\u00e1rio Ampla Odonto Cl\u00ednic<\/strong><\/p>\n","protected":false},"excerpt":{"rendered":"<p>Envelhecimento pode provocar sensibilidade e aumento de doen\u00e7as bucais causando altera\u00e7\u00f5es em todo organismo A sa\u00fade bucal merece aten\u00e7\u00e3o durante toda a vida. Por\u00e9m, com o passar dos anos, \u00e9 normal que diversos aspectos do organismo se tornem mais sens\u00edveis, exigindo que os cuidados sejam redobrados. Com a pandemia de Covid-19 e a recomenda\u00e7\u00e3o de [&hellip;]<\/p>\n","protected":false},"author":2,"featured_media":101,"comment_status":"open","ping_status":"open","sticky":true,"template":"","format":"standard","meta":[],"categories":[1],"tags":[],"_links":{"self":[{"href":"http:\/\/folhaminasgerais.com.br\/index.php\/wp-json\/wp\/v2\/posts\/100"}],"collection":[{"href":"http:\/\/folhaminasgerais.com.br\/index.php\/wp-json\/wp\/v2\/posts"}],"about":[{"href":"http:\/\/folhaminasgerais.com.br\/index.php\/wp-json\/wp\/v2\/types\/post"}],"author":[{"embeddable":true,"href":"http:\/\/folhaminasgerais.com.br\/index.php\/wp-json\/wp\/v2\/users\/2"}],"replies":[{"embeddable":true,"href":"http:\/\/folhaminasgerais.com.br\/index.php\/wp-json\/wp\/v2\/comments?post=100"}],"version-history":[{"count":0,"href":"http:\/\/folhaminasgerais.com.br\/index.php\/wp-json\/wp\/v2\/posts\/100\/revisions"}],"wp:featuredmedia":[{"embeddable":true,"href":"http:\/\/folhaminasgerais.com.br\/index.php\/wp-json\/wp\/v2\/media\/101"}],"wp:attachment":[{"href":"http:\/\/folhaminasgerais.com.br\/index.php\/wp-json\/wp\/v2\/media?parent=100"}],"wp:term":[{"taxonomy":"category","embeddable":true,"href":"http:\/\/folhaminasgerais.com.br\/index.php\/wp-json\/wp\/v2\/categories?post=100"},{"taxonomy":"post_tag","embeddable":true,"href":"http:\/\/folhaminasgerais.com.br\/index.php\/wp-json\/wp\/v2\/tags?post=100"}],"curies":[{"name":"wp","href":"https:\/\/api.w.org\/{rel}","templated":true}]}}