{"id":1030,"date":"2022-11-30T15:35:15","date_gmt":"2022-11-30T18:35:15","guid":{"rendered":"http:\/\/folhaminasgerais.com.br\/?p=1030"},"modified":"2022-11-30T15:38:42","modified_gmt":"2022-11-30T18:38:42","slug":"emilio-moura-e-tema-de-palestra-na-academia-mineira-de-letras","status":"publish","type":"post","link":"http:\/\/folhaminasgerais.com.br\/index.php\/2022\/11\/30\/emilio-moura-e-tema-de-palestra-na-academia-mineira-de-letras\/","title":{"rendered":"Em\u00edlio Moura \u00e9 tema de palestra na Academia Mineira de Letras"},"content":{"rendered":"<p><strong>Foto Prof. Jo\u00e3o Antonio de Paula &#8211; Acervo pessoal.<\/strong><\/p>\n<p style=\"font-weight: 400; text-align: center;\"><strong><i>Jo\u00e3o Ant\u00f4nio de Paula fala sobre a atua\u00e7\u00e3o do poeta como professor em evento que acontece no dia 05\/12<\/i><\/strong><\/p>\n<p style=\"font-weight: 400;\">O\u00a0<strong>professor Jo\u00e3o Ant\u00f4nio de Paula\u00a0<\/strong>\u00e9 convidado da\u00a0<strong>Academia Mineira de Letras<\/strong>\u00a0para a palestra\u00a0<strong>\u201cEm\u00edlio Moura: Professor\u201d,\u00a0<\/strong>onde aborda a atua\u00e7\u00e3o do escritor \u00a0como docente. O evento acontece no dia\u00a0<strong>5 de dezembro, \u00e0s 19h30, na sede da AML<\/strong>, com\u00a0<strong>entrada gratuita.<\/strong><\/p>\n<p style=\"font-weight: 400;\">O evento acontece no \u00e2mbito do Plano Anual de Manuten\u00e7\u00e3o AML (PRONAC 203709), realizado mediante a Lei Federal de Incentivo \u00e0 Cultura, com patroc\u00ednio do Instituto Unimed-BH \u2013 por meio do incentivo fiscal de mais de cinco mil e duzentos m\u00e9dicos cooperados e colaboradores \u2013 e da CEMIG. Copatroc\u00ednio da Tambasa.<\/p>\n<p style=\"font-weight: 400;\">Na palestra, o professor Jo\u00e3o Ant\u00f4nio de Paula aborda as atividades docentes de Em\u00edlio Moura, que tiveram in\u00edcio ainda na d\u00e9cada de 1920 como professor de Hist\u00f3ria na Escola Normal de Dores do Indai\u00e1.<\/p>\n<p style=\"font-weight: 400;\">O poeta Em\u00edlio Moura, al\u00e9m de ser um importante escritor, foi professor catedr\u00e1tico de Hist\u00f3ria do Pensamento Econ\u00f4mico da Faculdade de Ci\u00eancias Econ\u00f4micas da UFMG, a partir de 1942. O autor tamb\u00e9m foi Diretor da Faculdade, entre 1945 e 1946.<\/p>\n<p style=\"font-weight: 400;\"><strong>Sobre o palestrante<\/strong><\/p>\n<p style=\"font-weight: 400;\">O professor Jo\u00e3o Ant\u00f4nio de Paula \u00e9 graduado em Economia pela UFMG, Mestre em Economia pela Unicamp, Doutor em Hist\u00f3ria pela USP, Professor Titular do Departamento de Ci\u00eancias Econ\u00f4micas da UFMG desde 1995. Foi Pr\u00f3-Reitor de Extens\u00e3o e de Planejamento da UFMG. Tem dezenas de artigos publicados em peri\u00f3dicos acad\u00eamicos, uma vintena de livros, al\u00e9m de uma longa colabora\u00e7\u00e3o em jornais e revistas. Seus temas de pesquisa mais frequentes s\u00e3o: hist\u00f3rica econ\u00f4mica, economia pol\u00edtica, hist\u00f3ria do pensamento econ\u00f4mico, marxismo, hist\u00f3ria das cidades, hist\u00f3ria de Minas Gerais e meio ambiente. Publicou recentemente os seguintes livros: \u201cO capitalismo no Brasil, uma alegria que ficou no futuro\u201d, \u201cCap\u00edtulo de Hist\u00f3ria do Pensamento Econ\u00f4mico do Brasil\u201d e \u201cHist\u00f3ria, Epidemias e Capitalismo.&#8221;<\/p>\n<p style=\"font-weight: 400;\"><strong><u>SERVI\u00c7O:<\/u><\/strong><\/p>\n<p style=\"font-weight: 400;\"><strong>Academia Mineira de Letras<\/strong><\/p>\n<p style=\"font-weight: 400;\"><strong>Palestra\u00a0<\/strong><strong>\u201cEm\u00edlio Moura: Professor\u201d,\u00a0<\/strong>com Jo\u00e3o Ant\u00f4nio de Paula<\/p>\n<p style=\"font-weight: 400;\"><strong>\u00a0<\/strong><\/p>\n<p style=\"font-weight: 400;\"><strong>Data:<\/strong>\u00a05 de dezembro, \u00e0s 19h<\/p>\n<p style=\"font-weight: 400;\"><strong>Local:<\/strong>\u00a0AML &#8211; R. da Bahia, 1466 &#8211; Centro<\/p>\n<p style=\"font-weight: 400;\">Entrada gratuita<\/p>\n<p style=\"font-weight: 400;\"><strong>Instituto Unimed-BH<\/strong><\/p>\n<p style=\"font-weight: 400;\">Associa\u00e7\u00e3o sem fins lucrativos, o Instituto Unimed-BH, desde 2003, desenvolve projetos socioculturais e ambientais visando \u00e0 forma\u00e7\u00e3o da cidadania, estimular o bem-estar e a qualidade de vida das pessoas, fomentar a economia criativa, valorizar espa\u00e7os p\u00fablicos e o meio ambiente. Ao longo de sua hist\u00f3ria, o Instituto destinou cerca de R$155 milh\u00f5es por meio das Leis municipal e federal de Incentivo \u00e0 Cultura, fundos do Idoso e da Inf\u00e2ncia e Adolesc\u00eancia, com o apoio de mais de 5,2 mil m\u00e9dicos cooperados e colaboradores da Unimed-BH. No \u00faltimo ano, mais de 6,5 mil postos de trabalho foram gerados e 4,8 milh\u00f5es de pessoas foram alcan\u00e7adas por meio de projetos em cinco linhas de atua\u00e7\u00e3o: Comunidade, Voluntariado, Meio Ambiente, Ado\u00e7\u00e3o de Espa\u00e7os P\u00fablicos e Cultura, que est\u00e3o alinhados aos Objetivos de Desenvolvimento Sustent\u00e1vel da Agenda 2030. Acesse\u00a0<a href=\"http:\/\/www.institutounimedbh.com.br\/\" data-saferedirecturl=\"https:\/\/www.google.com\/url?q=http:\/\/www.institutounimedbh.com.br&amp;source=gmail&amp;ust=1669919341309000&amp;usg=AOvVaw3fNEISJG5NTREx0KrhWQ9i\">www.institutounimedbh.com.br<\/a>\u00a0\u00a0e saiba mais.<\/p>\n<p style=\"font-weight: 400;\"><strong>Cemig<\/strong><\/p>\n<p style=\"font-weight: 400;\">De onde vem a nossa for\u00e7a?<\/p>\n<p style=\"font-weight: 400;\">\u00a0A\u00a0Cemig, maior patrocinadora cultural de Minas Gerais, acredita na import\u00e2ncia e na valoriza\u00e7\u00e3o da arte e da cultura para o desenvolvimento humano, econ\u00f4mico e social de uma popula\u00e7\u00e3o como possibilidade do alcance de um futuro melhor para as novas gera\u00e7\u00f5es.<\/p>\n<p style=\"font-weight: 400;\">\u00a0A preocupa\u00e7\u00e3o da empresa em promover a socializa\u00e7\u00e3o e a democratiza\u00e7\u00e3o do acesso aos bens culturais do estado se baseia principalmente no compromisso da\u00a0Cemig\u00a0com a transforma\u00e7\u00e3o social e inclus\u00e3o, uma oportunidade de dialogar e trazer melhorias para a comunidade.<\/p>\n<p style=\"font-weight: 400;\">\u00a0Nossa for\u00e7a tamb\u00e9m vem da cultura. Saiba mais em\u00a0<a href=\"http:\/\/www.cemig.com.br\/\" data-saferedirecturl=\"https:\/\/www.google.com\/url?q=http:\/\/www.cemig.com.br\/&amp;source=gmail&amp;ust=1669919341309000&amp;usg=AOvVaw1veF2AJpl-QO-Es-z8i3Ie\">www.cemig.com.br<\/a><\/p>\n<p style=\"font-weight: 400;\">\n","protected":false},"excerpt":{"rendered":"<p>Foto Prof. Jo\u00e3o Antonio de Paula &#8211; Acervo pessoal. Jo\u00e3o Ant\u00f4nio de Paula fala sobre a atua\u00e7\u00e3o do poeta como professor em evento que acontece no dia 05\/12 O\u00a0professor Jo\u00e3o Ant\u00f4nio de Paula\u00a0\u00e9 convidado da\u00a0Academia Mineira de Letras\u00a0para a palestra\u00a0\u201cEm\u00edlio Moura: Professor\u201d,\u00a0onde aborda a atua\u00e7\u00e3o do escritor \u00a0como docente. O evento acontece no dia\u00a05 de [&hellip;]<\/p>\n","protected":false},"author":3,"featured_media":1031,"comment_status":"open","ping_status":"open","sticky":false,"template":"","format":"standard","meta":[],"categories":[171,165],"tags":[],"_links":{"self":[{"href":"http:\/\/folhaminasgerais.com.br\/index.php\/wp-json\/wp\/v2\/posts\/1030"}],"collection":[{"href":"http:\/\/folhaminasgerais.com.br\/index.php\/wp-json\/wp\/v2\/posts"}],"about":[{"href":"http:\/\/folhaminasgerais.com.br\/index.php\/wp-json\/wp\/v2\/types\/post"}],"author":[{"embeddable":true,"href":"http:\/\/folhaminasgerais.com.br\/index.php\/wp-json\/wp\/v2\/users\/3"}],"replies":[{"embeddable":true,"href":"http:\/\/folhaminasgerais.com.br\/index.php\/wp-json\/wp\/v2\/comments?post=1030"}],"version-history":[{"count":2,"href":"http:\/\/folhaminasgerais.com.br\/index.php\/wp-json\/wp\/v2\/posts\/1030\/revisions"}],"predecessor-version":[{"id":1033,"href":"http:\/\/folhaminasgerais.com.br\/index.php\/wp-json\/wp\/v2\/posts\/1030\/revisions\/1033"}],"wp:featuredmedia":[{"embeddable":true,"href":"http:\/\/folhaminasgerais.com.br\/index.php\/wp-json\/wp\/v2\/media\/1031"}],"wp:attachment":[{"href":"http:\/\/folhaminasgerais.com.br\/index.php\/wp-json\/wp\/v2\/media?parent=1030"}],"wp:term":[{"taxonomy":"category","embeddable":true,"href":"http:\/\/folhaminasgerais.com.br\/index.php\/wp-json\/wp\/v2\/categories?post=1030"},{"taxonomy":"post_tag","embeddable":true,"href":"http:\/\/folhaminasgerais.com.br\/index.php\/wp-json\/wp\/v2\/tags?post=1030"}],"curies":[{"name":"wp","href":"https:\/\/api.w.org\/{rel}","templated":true}]}}