{"id":1063,"date":"2023-01-27T12:14:43","date_gmt":"2023-01-27T15:14:43","guid":{"rendered":"http:\/\/folhaminasgerais.com.br\/?p=1063"},"modified":"2023-01-27T12:20:21","modified_gmt":"2023-01-27T15:20:21","slug":"laby-faz-blitz-de-verao-em-varios-pontos-de-belo-horizonte-e-regiao-metropolitana","status":"publish","type":"post","link":"http:\/\/folhaminasgerais.com.br\/index.php\/2023\/01\/27\/laby-faz-blitz-de-verao-em-varios-pontos-de-belo-horizonte-e-regiao-metropolitana\/","title":{"rendered":"Laby faz blitz de ver\u00e3o em v\u00e1rios pontos de Belo Horizonte e regi\u00e3o metropolitana"},"content":{"rendered":"<p><strong>Cr\u00e9dito: Dennis Lima.\u00a0<\/strong><\/p>\n<p style=\"text-align: center;\"><strong><em>A\u00e7\u00e3o itinerante ressalta para o p\u00fablico a import\u00e2ncia de estender a prote\u00e7\u00e3o solar tamb\u00e9m aos l\u00e1bios<\/em><\/strong><\/p>\n<p>No ver\u00e3o, o uso de protetor solar &#8211; que deveria ser um h\u00e1bito em todas as esta\u00e7\u00f5es &#8211; \u00e9 refor\u00e7ado. A pele dos l\u00e1bios \u00e9 mais fina do que a do rosto e n\u00e3o pode ser esquecida durante o skincare e na fotoprote\u00e7\u00e3o, pois tamb\u00e9m est\u00e1 sujeita ao desenvolvimento de c\u00e2ncer. Al\u00e9m do sol, outros agentes f\u00edsicos (como o vento e a pr\u00f3pria tend\u00eancia \u00e0 exposi\u00e7\u00e3o em ambientes com ar condicionado) e qu\u00edmicos (como o contato com o sal do mar, cloro da piscina ou suor do rosto) favorecem a desidrata\u00e7\u00e3o da pele e tamb\u00e9m dos l\u00e1bios.<\/p>\n<p>Para refor\u00e7ar a import\u00e2ncia da hidrata\u00e7\u00e3o na esta\u00e7\u00e3o mais quente do ano, a\u00a0<a href=\"https:\/\/www.instagram.com\/labybr\/\" target=\"_blank\" rel=\"noopener\" data-saferedirecturl=\"https:\/\/www.google.com\/url?q=https:\/\/www.instagram.com\/labybr\/&amp;source=gmail&amp;ust=1674912618561000&amp;usg=AOvVaw18HUsym295b6Q6mJDqED2o\">Laby<\/a>\u00a0vai promover uma blitz de ver\u00e3o e percorrer pra\u00e7as de Contagem, Betim, Barreiro e pontos estrat\u00e9gicos de lazer da capital mineira, como clubes, esplanada do Mineir\u00e3o, orla da Lagoa da Pampulha, Pra\u00e7a da Liberdade e da Bandeira, entre outros, aos s\u00e1bados e domingos, at\u00e9 o dia 12 de fevereiro. A A\u00e7\u00e3o \u2018Pra onde Tenha Sol, \u00e9 pra l\u00e1 que eu vou \u2013 Sempre com a boca Protegida!\u2019, vai interagir com os consumidores atrav\u00e9s de brincadeiras, experimenta\u00e7\u00e3o para ensinar sobre a import\u00e2ncia de usar protetor solar tamb\u00e9m nos l\u00e1bios. As hashtag #LembraDaBoca e #AbocaTamb\u00e9mQueima, est\u00e3o sendo utilizadas para impulsionar a campanha.<\/p>\n<p>Durante a a\u00e7\u00e3o, ser\u00e3o distribu\u00eddos brindes, cupons de desconto, amostras gr\u00e1tis e tamb\u00e9m ser\u00e1 feita venda de produtos com pre\u00e7os incr\u00edveis. Para acompanhar a programa\u00e7\u00e3o, basta acessar as redes sociais da marca\u00a0<a href=\"https:\/\/www.instagram.com\/labybr\/\" target=\"_blank\" rel=\"noopener\" data-saferedirecturl=\"https:\/\/www.google.com\/url?q=https:\/\/www.instagram.com\/labybr\/&amp;source=gmail&amp;ust=1674912618561000&amp;usg=AOvVaw18HUsym295b6Q6mJDqED2o\">@labybr<\/a>.<\/p>\n<p><strong>Servi\u00e7o<br \/>\n<\/strong><a href=\"https:\/\/www.instagram.com\/labybr\/\" target=\"_blank\" rel=\"noopener\" data-saferedirecturl=\"https:\/\/www.google.com\/url?q=https:\/\/www.instagram.com\/labybr\/&amp;source=gmail&amp;ust=1674912618561000&amp;usg=AOvVaw18HUsym295b6Q6mJDqED2o\">Blitz Laby de Ver\u00e3o<\/a><br \/>\nDe 21\/01 a 12\/02\/23<br \/>\nHor\u00e1rio: 8h \u00e0s 15h<\/p>\n","protected":false},"excerpt":{"rendered":"<p>Cr\u00e9dito: Dennis Lima.\u00a0 A\u00e7\u00e3o itinerante ressalta para o p\u00fablico a import\u00e2ncia de estender a prote\u00e7\u00e3o solar tamb\u00e9m aos l\u00e1bios No ver\u00e3o, o uso de protetor solar &#8211; que deveria ser um h\u00e1bito em todas as esta\u00e7\u00f5es &#8211; \u00e9 refor\u00e7ado. A pele dos l\u00e1bios \u00e9 mais fina do que a do rosto e n\u00e3o pode ser [&hellip;]<\/p>\n","protected":false},"author":3,"featured_media":1064,"comment_status":"open","ping_status":"open","sticky":false,"template":"","format":"standard","meta":[],"categories":[1],"tags":[],"_links":{"self":[{"href":"http:\/\/folhaminasgerais.com.br\/index.php\/wp-json\/wp\/v2\/posts\/1063"}],"collection":[{"href":"http:\/\/folhaminasgerais.com.br\/index.php\/wp-json\/wp\/v2\/posts"}],"about":[{"href":"http:\/\/folhaminasgerais.com.br\/index.php\/wp-json\/wp\/v2\/types\/post"}],"author":[{"embeddable":true,"href":"http:\/\/folhaminasgerais.com.br\/index.php\/wp-json\/wp\/v2\/users\/3"}],"replies":[{"embeddable":true,"href":"http:\/\/folhaminasgerais.com.br\/index.php\/wp-json\/wp\/v2\/comments?post=1063"}],"version-history":[{"count":1,"href":"http:\/\/folhaminasgerais.com.br\/index.php\/wp-json\/wp\/v2\/posts\/1063\/revisions"}],"predecessor-version":[{"id":1065,"href":"http:\/\/folhaminasgerais.com.br\/index.php\/wp-json\/wp\/v2\/posts\/1063\/revisions\/1065"}],"wp:featuredmedia":[{"embeddable":true,"href":"http:\/\/folhaminasgerais.com.br\/index.php\/wp-json\/wp\/v2\/media\/1064"}],"wp:attachment":[{"href":"http:\/\/folhaminasgerais.com.br\/index.php\/wp-json\/wp\/v2\/media?parent=1063"}],"wp:term":[{"taxonomy":"category","embeddable":true,"href":"http:\/\/folhaminasgerais.com.br\/index.php\/wp-json\/wp\/v2\/categories?post=1063"},{"taxonomy":"post_tag","embeddable":true,"href":"http:\/\/folhaminasgerais.com.br\/index.php\/wp-json\/wp\/v2\/tags?post=1063"}],"curies":[{"name":"wp","href":"https:\/\/api.w.org\/{rel}","templated":true}]}}