{"id":1148,"date":"2023-04-27T13:53:07","date_gmt":"2023-04-27T16:53:07","guid":{"rendered":"http:\/\/folhaminasgerais.com.br\/?p=1148"},"modified":"2023-04-28T13:58:50","modified_gmt":"2023-04-28T16:58:50","slug":"conceicao-evaristo-a-literatura-como-testemunho","status":"publish","type":"post","link":"http:\/\/folhaminasgerais.com.br\/index.php\/2023\/04\/27\/conceicao-evaristo-a-literatura-como-testemunho\/","title":{"rendered":"Concei\u00e7\u00e3o Evaristo: a literatura como testemunho"},"content":{"rendered":"<p><strong>FOTO ANT\u00d4NIO TORRES &#8211; Guilherme Gon\u00e7alves.<\/strong><\/p>\n<p style=\"font-weight: 400; text-align: center;\"><em><strong>A autora estar\u00e1 no Centro Cultural Banco do Brasil Rio de Janeiro dia 10\/05 pelo Clube de Leitura CCBB 2023<\/strong><\/em><\/p>\n<p style=\"font-weight: 400; text-align: center;\"><em>A leitura de Olhos D\u2019\u00e1gua refor\u00e7a a quest\u00e3o dos \u00a0diversos dilemas sociais e existenciais que envolvem as experi\u00eancias de afro-brasileiros\u00a0<\/em><\/p>\n<p style=\"font-weight: 400;\"><em>\u00a0<\/em><\/p>\n<p style=\"font-weight: 400;\"><em>Olhos D\u2019\u00e1gua<\/em>\u00a0\u00e9 o livro que a escritora Concei\u00e7\u00e3o Evaristo, um dos nomes mais importantes e necess\u00e1rios da literatura brasileira contempor\u00e2nea, ler\u00e1 no encontro de maio do Clube de Leitura CCBB 2023, patrocinado pelo Banco\u00a0 do Brasil.\u00a0 O encontro acontecer\u00e1 no dia 10 de maio, \u00e0s 17h30, na Biblioteca Banco do Brasil, no 5\u00ba andar do CCBB RJ. A entrada \u00e9 gratuita e ter\u00e1 participa\u00e7\u00e3o virtual de\u00a0Eliana Alves Cruz, autora, entre outros, dos livros\u00a0<em>\u00c1gua de Barrela<\/em>\u00a0,\u00a0<em>O crime do Cais do Valongo e Solit\u00e1ria.\u00a0<\/em><\/p>\n<p style=\"font-weight: 400;\">Foi do p\u00fablico a escolha do livro de Concei\u00e7\u00e3o Evaristo, via Instagram do CCBB.\u00a0<em>Olhos D\u2019\u00e1gua ,\u00a0<\/em>publicado em 2014, \u00e9 composto por quinze contos que abordam a hist\u00f3ria de personagens negras, \u00a0silenciadas pelo racismo, pelas imposi\u00e7\u00f5es econ\u00f4micas, por condi\u00e7\u00f5es degradantes de trabalho e pelas quest\u00f5es de g\u00eanero. N\u00e3o somente a subordina\u00e7\u00e3o, mas a viol\u00eancia a que homens e mulheres s\u00e3o submetidos quando n\u00e3o somente a cor da pele influencia, mas as condi\u00e7\u00f5es prec\u00e1rias com as quais s\u00e3o obrigados a conviver.<\/p>\n<p style=\"font-weight: 400;\">De acordo com a curadora,\u00a0pelo segundo ano, do Clube de Leitura CCBB 2023, Suzana Vargas, a\u00a0presen\u00e7a de Concei\u00e7\u00e3o Evaristo, para al\u00e9m da sua import\u00e2ncia enquanto poeta, ficcionista e ensa\u00edsta, \u00e9 enriquecer a diversidade de temas tratados pelo Clube. \u201cEla chega com sua voz e obra po\u00e9tica poderosa para nos fazer mergulhar no universo predominantemente feminino, denunciando a viol\u00eancia e discrimina\u00e7\u00e3o racial sofridas por nosso povo, em especial nossas mulheres ao tempo em que revela nossa diversidade enquanto na\u00e7\u00e3o\u201d, afirma.<\/p>\n<p style=\"font-weight: 400;\">Seus contos e poemas relatam e denunciam a profunda desigualdade sempre reinante no Brasil. Suzana Vargas refor\u00e7a suas afirma\u00e7\u00f5es ao citar livros como o escolhido\u00a0<em>Olhos D\u2019\u00e1gua\u00a0<\/em>com contos contundentes, em que personagens e situa\u00e7\u00f5es levam o leitor a perceber de que forma o\u00a0preconceito racial se soma ao preconceito social. \u00a0\u201cEssa \u00e9 a sua marca, sua produ\u00e7\u00e3o liter\u00e1ria nos lembra de nossa diversidade racial e cultural\u201d, explica.<\/p>\n<p style=\"font-weight: 400;\">Em abril, a programa\u00e7\u00e3o levou o mo\u00e7ambicano Mia Couto para o CCBB, depois da estreia, em mar\u00e7o, com Ant\u00f4nio Torres, Lilian Fontes e Ana Maria Machado numa homenagem \u00e0 N\u00e9lida Pi\u00f1on. Os v\u00eddeos dos encontros ficam dispon\u00edveis, na \u00edntegra, no YouTube do Banco do Brasil.<\/p>\n<p style=\"font-weight: 400;\"><strong><u>Sobre o Clube de Leitura CCBB<\/u><\/strong><\/p>\n<p style=\"font-weight: 400;\">Os encontros do Clube acontecem no Sal\u00e3o de Leitura da Biblioteca Banco do Brasil, localizada no quinto andar do CCBB Rio, at\u00e9 dezembro, sempre na segunda quarta-feira de cada m\u00eas, com entrada gratuita, mediante retirada dos ingressos na bilheteria do CCBB RJ ou pelo site\u00a0<a href=\"http:\/\/bb.com.br\/cultura\" data-saferedirecturl=\"https:\/\/www.google.com\/url?q=http:\/\/bb.com.br\/cultura&amp;source=gmail&amp;ust=1682786456336000&amp;usg=AOvVaw09bDJIEU8NJAi7DWirHjKb\">bb.com.br\/cultura<\/a>. A media\u00e7\u00e3o \u00e9 da curadora Suzana Vargas e o microfone ser\u00e1 aberto para a plateia nos 30 minutos finais dos encontros. A grava\u00e7\u00e3o integral ser\u00e1 disponibilizada no canal do Banco do Brasil no YouTube, na semana seguinte ao evento.<\/p>\n<p style=\"font-weight: 400;\">A Biblioteca Banco do Brasil foi fundada em 1931, voltada para as \u00e1reas de Administra\u00e7\u00e3o, Finan\u00e7as e Economia. Com a cria\u00e7\u00e3o do Centro Cultural, em 1989, o acervo foi ampliado para as \u00e1reas de Artes, Literatura e Ci\u00eancias Sociais e hoje possui mais de 200 mil exemplares, em constante atualiza\u00e7\u00e3o, ocupando todo o quinto andar deste pr\u00e9dio centen\u00e1rio.<\/p>\n<p style=\"font-weight: 400;\"><strong>Concei\u00e7\u00e3o Evaristo<\/strong>\u00a0\u00e9 ficcionista e ensa\u00edsta. Graduada em Letras com \u00eanfase em Literatura pela UFRJ, tem mestrado em Literatura Brasileira pela PUC-Rio e doutorado em Literatura Comparada pela UFF. Sua primeira publica\u00e7\u00e3o (1990) foi na s\u00e9rie Cadernos Negros do grupo Quilombhoje.<\/p>\n<p style=\"font-weight: 400;\">Ao todo, s\u00e3o sete livros publicados, entre eles o vencedor do Jabuti\u00a0<em>Olhos D\u2019\u00e1gua\u00a0<\/em>(2015); cinco desses livros foram traduzidos para o ingl\u00eas, franc\u00eas, espanhol, \u00e1rabe e eslovaco.<\/p>\n<p style=\"font-weight: 400;\">Concei\u00e7\u00e3o coleciona o Pr\u00eamio do Governo de Minas Gerais pelo conjunto de sua obra; Pr\u00eamio Nicol\u00e1s Guill\u00e9n de Literatura pela Caribbean Philosophical Association; Pr\u00eamio Mestra das Periferias pelo Instituto Maria e Jo\u00e3o Aleixo, al\u00e9m de ter sido homenageada com a Ocupa\u00e7\u00e3o Concei\u00e7\u00e3o Evaristo pelo Ita\u00fa Cultural e em diversas Feiras Liter\u00e1rias.<\/p>\n<p style=\"font-weight: 400;\">Teve tr\u00eas de seus sete livros aprovados no PNLD Nacional e tamb\u00e9m foi a escritora homenageada da Olimp\u00edada de L\u00edngua Portuguesa pelo Ita\u00fa Social.<\/p>\n<p style=\"font-weight: 400;\">\u00a0Lan\u00e7ou as obras\u00a0<em>Ponci\u00e1 Vic\u00eancio<\/em>\u00a0e\u00a0<em>Insubmissas l\u00e1grimas de mulheres<\/em>\u00a0no Sal\u00e3o do Livro de Paris; seu\u00a0<em>Poemas da Recorda\u00e7\u00e3o e Outros Movimentos<\/em>\u00a0em edi\u00e7\u00e3o bil\u00edngue (Portugu\u00eas\/Franc\u00eas) tamb\u00e9m no Sal\u00e3o do Livro de Paris e\u00a0<em>Olhos D\u2019\u00e1gua<\/em>, em franc\u00eas, pela Editora Des Femmes.<\/p>\n<p style=\"font-weight: 400;\">Foi homenageada pelo Pr\u00eamio Jabuti ainda em 2019 como personalidade liter\u00e1ria. Em 2022, Concei\u00e7\u00e3o tomou posse\u00a0da C\u00e1tedra Olavo Set\u00fabal de Arte, Cultura e Ci\u00eancia, da USP.<\/p>\n<p style=\"font-weight: 400;\"><strong>Suzana Vargas<\/strong>\u00a0\u00e9 poeta, ensa\u00edsta, escritora e professora e mestre em Teoria Liter\u00e1ria pela UFRJ. Publicou 16 livros, entre os quais\u00a0<em>Caderno de Outono<\/em>, finalista do pr\u00eamio Jabuti. Tem poemas traduzidos em pa\u00edses como It\u00e1lia, Estados Unidos, Espanha, Alemanha e Fran\u00e7a. Fez a curadoria de importantes projetos liter\u00e1rios para feiras e eventos nacionais e internacionais como as Bienais do Livro do Amazonas, do Rio de Janeiro e de S\u00e3o Paulo, a Primavera dos Livros, a campanha Paix\u00e3o de Ler e os Encontros com a Literatura Latino-Americana do Centro Cultural do Banco do Brasil. Assina a coluna mensal \u201cEscrever para Lembrar\u201d no portal Publishnews &#8211; 2021. H\u00e1 27 anos criou e coordena o espa\u00e7o de oficinas de cria\u00e7\u00e3o liter\u00e1ria Esta\u00e7\u00e3o das Letras, \u00fanico no pa\u00eds.<\/p>\n<p style=\"font-weight: 400;\">&amp;&amp;&amp;<\/p>\n<p style=\"font-weight: 400;\"><strong>SOBRE O CCBB RJ<\/strong>\u00a0&#8211; Inaugurado em 12 de outubro de 1989, o CCBB est\u00e1 instalado em um edif\u00edcio hist\u00f3rico, projetado pelo arquiteto do Imp\u00e9rio, Francisco Joaquim Bethencourt da Silva. Marco da revitaliza\u00e7\u00e3o do centro hist\u00f3rico do Rio de Janeiro, o Centro Cultural mant\u00e9m uma programa\u00e7\u00e3o plural, regular e acess\u00edvel, nas \u00e1reas de artes visuais, cinema, teatro, dan\u00e7a, m\u00fasica e pensamento. O pr\u00e9dio disp\u00f5e de 3 teatros, 2 salas de cinema, cerca de 2 mil metros quadrados de espa\u00e7os expositivos, audit\u00f3rios, salas multiuso e biblioteca com mais de 250 mil exemplares. Os visitantes contam ainda com restaurantes e cafeterias e loja, e servi\u00e7os com descontos exclusivos para clientes BB. O Centro Cultural Banco do Brasil Rio de Janeiro funciona de segunda a domingo, das 9h \u00e0s 21h, no domingo, das 9h \u00e0s 20h, e fecha \u00e0s ter\u00e7as-feiras. Aos domingos, das 8h \u00e0s 9h, o pr\u00e9dio e as exposi\u00e7\u00f5es abrem em hor\u00e1rio de atendimento exclusivo para visita\u00e7\u00e3o de pessoas com defici\u00eancias intelectuais e\/ou mentais e seus acompanhantes, conforme determina\u00e7\u00e3o legal (Lei Municipal n\u00ba 6.278\/2017).<\/p>\n<p style=\"font-weight: 400;\"><u>SERVI\u00c7O:<\/u><\/p>\n<p style=\"font-weight: 400;\">Clube de Leitura CCBB 2023<\/p>\n<p style=\"font-weight: 400;\">10 de maio de 2023<\/p>\n<p style=\"font-weight: 400;\">\u00c0s 17h30<\/p>\n<p style=\"font-weight: 400;\">Evento Gratuito<\/p>\n<p style=\"font-weight: 400;\">Classifica\u00e7\u00e3o indicativa: Livre<\/p>\n<p style=\"font-weight: 400;\">Ingressos dispon\u00edveis na bilheteria do CCBB ou pelo\u00a0site\u00a0<a href=\"http:\/\/bb.com.br\/cultura\" data-saferedirecturl=\"https:\/\/www.google.com\/url?q=http:\/\/bb.com.br\/cultura&amp;source=gmail&amp;ust=1682786456336000&amp;usg=AOvVaw09bDJIEU8NJAi7DWirHjKb\">bb.com.br\/cultura<\/a>\u00a0a partir das 9h do dia do encontro.<\/p>\n<p style=\"font-weight: 400;\">Imagens de divulga\u00e7\u00e3o:\u00a0\u00a0<a href=\"https:\/\/1drv.ms\/f\/s!AlbY09-G5paug4hi1_ojQ2tLZzrvoA\" data-saferedirecturl=\"https:\/\/www.google.com\/url?q=https:\/\/1drv.ms\/f\/s!AlbY09-G5paug4hi1_ojQ2tLZzrvoA&amp;source=gmail&amp;ust=1682786456336000&amp;usg=AOvVaw0u_r6TqoW1xqzmiTn0RvtB\">https:\/\/1drv.ms\/f\/s!AlbY09-G5paug4hi1_ojQ2tLZzrvoA<\/a><\/p>\n<p style=\"font-weight: 400;\">Centro Cultural Banco do Brasil<\/p>\n<p style=\"font-weight: 400;\"><a href=\"https:\/\/www.google.com\/maps\/search\/Rua+Primeiro+de+Mar%C3%A7o,+66,+Centro,+Rio+de+Janeiro?entry=gmail&amp;source=g\" data-saferedirecturl=\"https:\/\/www.google.com\/url?q=https:\/\/www.google.com\/maps\/search\/Rua%2BPrimeiro%2Bde%2BMar%25C3%25A7o,%2B66,%2BCentro,%2BRio%2Bde%2BJaneiro?entry%3Dgmail%26source%3Dg&amp;source=gmail&amp;ust=1682786456336000&amp;usg=AOvVaw3dj1y9mI852iEO_WBc5e7Z\">Rua Primeiro de Mar\u00e7o, 66, Centro, Rio de Janeiro<\/a>.<\/p>\n<p style=\"font-weight: 400;\">Biblioteca Banco do Brasil \u2013 5\u00ba andar<\/p>\n<p style=\"font-weight: 400;\">Contato: 21 3808-2020 |\u00a0<a href=\"mailto:ccbbrio@bb.com.br\">ccbbrio@bb.com.br<\/a><\/p>\n<p style=\"font-weight: 400;\"><a href=\"http:\/\/bb.com.br\/cultura\" data-saferedirecturl=\"https:\/\/www.google.com\/url?q=http:\/\/bb.com.br\/cultura&amp;source=gmail&amp;ust=1682786456336000&amp;usg=AOvVaw09bDJIEU8NJAi7DWirHjKb\">bb.com.br\/cultura<\/a>\u00a0|\u00a0<a href=\"http:\/\/twitter.com\/ccbb_rj\" data-saferedirecturl=\"https:\/\/www.google.com\/url?q=http:\/\/twitter.com\/ccbb_rj&amp;source=gmail&amp;ust=1682786456336000&amp;usg=AOvVaw139Q2THjEpCdr1HCWNMDrD\">twitter.com\/ccbb_rj<\/a>\u00a0|\u00a0<a href=\"http:\/\/facebook.com\/ccbb.rj\" data-saferedirecturl=\"https:\/\/www.google.com\/url?q=http:\/\/facebook.com\/ccbb.rj&amp;source=gmail&amp;ust=1682786456336000&amp;usg=AOvVaw25qlef9L24mPQx9kmFBtWp\">facebook.com\/ccbb.rj<\/a>\u00a0|\u00a0<a href=\"http:\/\/instagram.com\/ccbbrj\" data-saferedirecturl=\"https:\/\/www.google.com\/url?q=http:\/\/instagram.com\/ccbbrj&amp;source=gmail&amp;ust=1682786456336000&amp;usg=AOvVaw35jGXfHzWD5O5njfEtCGz3\">instagram.com\/ccbbrj<\/a><\/p>\n<p style=\"font-weight: 400;\"><strong>Assessoria de imprensa CCBB RJ<\/strong><\/p>\n<p style=\"font-weight: 400;\">Giselle Sampaio 21 3808-2346 |\u00a0<a href=\"mailto:gisellesampaio@bb.com.br\">gisellesampaio@bb.com.br<\/a><\/p>\n<p style=\"font-weight: 400;\"><strong>\u00a0<\/strong><\/p>\n<p style=\"font-weight: 400;\"><strong>Assessoria de imprensa Clube de Leitura CCBB 2023<\/strong><\/p>\n<p style=\"font-weight: 400;\">Andrea Drummond 24\u00a0 9 8824-1512\u00a0|\u00a0<a href=\"mailto:andrea.drummond@somosdedicata.com.br\">andrea.drummond@somosdedicata.com<\/a><\/p>\n","protected":false},"excerpt":{"rendered":"<p>FOTO ANT\u00d4NIO TORRES &#8211; Guilherme Gon\u00e7alves. A autora estar\u00e1 no Centro Cultural Banco do Brasil Rio de Janeiro dia 10\/05 pelo Clube de Leitura CCBB 2023 A leitura de Olhos D\u2019\u00e1gua refor\u00e7a a quest\u00e3o dos \u00a0diversos dilemas sociais e existenciais que envolvem as experi\u00eancias de afro-brasileiros\u00a0 \u00a0 Olhos D\u2019\u00e1gua\u00a0\u00e9 o livro que a escritora Concei\u00e7\u00e3o [&hellip;]<\/p>\n","protected":false},"author":3,"featured_media":1149,"comment_status":"open","ping_status":"open","sticky":false,"template":"","format":"standard","meta":[],"categories":[165],"tags":[],"_links":{"self":[{"href":"http:\/\/folhaminasgerais.com.br\/index.php\/wp-json\/wp\/v2\/posts\/1148"}],"collection":[{"href":"http:\/\/folhaminasgerais.com.br\/index.php\/wp-json\/wp\/v2\/posts"}],"about":[{"href":"http:\/\/folhaminasgerais.com.br\/index.php\/wp-json\/wp\/v2\/types\/post"}],"author":[{"embeddable":true,"href":"http:\/\/folhaminasgerais.com.br\/index.php\/wp-json\/wp\/v2\/users\/3"}],"replies":[{"embeddable":true,"href":"http:\/\/folhaminasgerais.com.br\/index.php\/wp-json\/wp\/v2\/comments?post=1148"}],"version-history":[{"count":3,"href":"http:\/\/folhaminasgerais.com.br\/index.php\/wp-json\/wp\/v2\/posts\/1148\/revisions"}],"predecessor-version":[{"id":1152,"href":"http:\/\/folhaminasgerais.com.br\/index.php\/wp-json\/wp\/v2\/posts\/1148\/revisions\/1152"}],"wp:featuredmedia":[{"embeddable":true,"href":"http:\/\/folhaminasgerais.com.br\/index.php\/wp-json\/wp\/v2\/media\/1149"}],"wp:attachment":[{"href":"http:\/\/folhaminasgerais.com.br\/index.php\/wp-json\/wp\/v2\/media?parent=1148"}],"wp:term":[{"taxonomy":"category","embeddable":true,"href":"http:\/\/folhaminasgerais.com.br\/index.php\/wp-json\/wp\/v2\/categories?post=1148"},{"taxonomy":"post_tag","embeddable":true,"href":"http:\/\/folhaminasgerais.com.br\/index.php\/wp-json\/wp\/v2\/tags?post=1148"}],"curies":[{"name":"wp","href":"https:\/\/api.w.org\/{rel}","templated":true}]}}