{"id":1244,"date":"2023-09-11T11:16:17","date_gmt":"2023-09-11T14:16:17","guid":{"rendered":"http:\/\/folhaminasgerais.com.br\/?p=1244"},"modified":"2023-09-11T11:22:18","modified_gmt":"2023-09-11T14:22:18","slug":"minas-fashion-week","status":"publish","type":"post","link":"http:\/\/folhaminasgerais.com.br\/index.php\/2023\/09\/11\/minas-fashion-week\/","title":{"rendered":"MINAS FASHION WEEK"},"content":{"rendered":"<p><strong>Fotos: Marcelo Poleze.<\/strong><\/p>\n<p style=\"text-align: center;\"><strong><em>A moda por uma boa causa<\/em><\/strong><\/p>\n<p>Ser\u00e1 um desfile completo, com looks selecionados por marcas do Estado. O evento est\u00e1 marcado para dia 29 de outubro e tem como objetivo, elevar a autoestima das mulheres e promover a conscientiza\u00e7\u00e3o sobre a import\u00e2ncia do autoexame. &#8220;Essa iniciativa transforma o MINAS FASHION WEEK, tamb\u00e9m, em uma promotora de inclus\u00e3o social&#8221;, diz a Stylist de Moda, Aline Medlley.<\/p>\n<p><img loading=\"lazy\" class=\"aligncenter wp-image-41775 size-large\" src=\"http:\/\/culturalizabh.com.br\/wp-content\/uploads\/2023\/09\/FOTO-RELEASE-1.1.1-1024x576.jpg\" alt=\"\" width=\"640\" height=\"360\" \/><\/p>\n<p>O evento re\u00fane v\u00e1rias marcas parceiras, com um casting de modelos, lindas e antenadas que, al\u00e9m de gostar do universo da moda, est\u00e3o ao evento por um bem maior. O coffee break conta com a parceria do Buffet Kompleta, com doces personalizados da Mari Prates, os melhores blends da Moncloa, os amanteigados da Bendi, com os produtos da Kurei Kombucha, entre outros parceiros.<\/p>\n<p><strong>Desfile<\/strong><\/p>\n<p>O desfile \u00e9 dirigido pela Stylist de Moda Aline Medlley e Leonardo Fonseca. Na ocasi\u00e3o, o MINAS FASHION WEEK tamb\u00e9m lan\u00e7ar\u00e1 a campanha \u201cDoe um Len\u00e7o\u201d, com arrecada\u00e7\u00e3o de \u201cleite\u201d, que ser\u00e1 destinado ao &#8220;Hospital da Baleia&#8221; e a &#8220;ONG AMIGOS DE MINAS&#8221;, a moda em prol da sa\u00fade.<\/p>\n","protected":false},"excerpt":{"rendered":"<p>Fotos: Marcelo Poleze. A moda por uma boa causa Ser\u00e1 um desfile completo, com looks selecionados por marcas do Estado. O evento est\u00e1 marcado para dia 29 de outubro e tem como objetivo, elevar a autoestima das mulheres e promover a conscientiza\u00e7\u00e3o sobre a import\u00e2ncia do autoexame. &#8220;Essa iniciativa transforma o MINAS FASHION WEEK, tamb\u00e9m, [&hellip;]<\/p>\n","protected":false},"author":3,"featured_media":1245,"comment_status":"open","ping_status":"open","sticky":true,"template":"","format":"standard","meta":[],"categories":[161,171,165,247],"tags":[254,250,253,251,252,248,249,156],"_links":{"self":[{"href":"http:\/\/folhaminasgerais.com.br\/index.php\/wp-json\/wp\/v2\/posts\/1244"}],"collection":[{"href":"http:\/\/folhaminasgerais.com.br\/index.php\/wp-json\/wp\/v2\/posts"}],"about":[{"href":"http:\/\/folhaminasgerais.com.br\/index.php\/wp-json\/wp\/v2\/types\/post"}],"author":[{"embeddable":true,"href":"http:\/\/folhaminasgerais.com.br\/index.php\/wp-json\/wp\/v2\/users\/3"}],"replies":[{"embeddable":true,"href":"http:\/\/folhaminasgerais.com.br\/index.php\/wp-json\/wp\/v2\/comments?post=1244"}],"version-history":[{"count":1,"href":"http:\/\/folhaminasgerais.com.br\/index.php\/wp-json\/wp\/v2\/posts\/1244\/revisions"}],"predecessor-version":[{"id":1246,"href":"http:\/\/folhaminasgerais.com.br\/index.php\/wp-json\/wp\/v2\/posts\/1244\/revisions\/1246"}],"wp:featuredmedia":[{"embeddable":true,"href":"http:\/\/folhaminasgerais.com.br\/index.php\/wp-json\/wp\/v2\/media\/1245"}],"wp:attachment":[{"href":"http:\/\/folhaminasgerais.com.br\/index.php\/wp-json\/wp\/v2\/media?parent=1244"}],"wp:term":[{"taxonomy":"category","embeddable":true,"href":"http:\/\/folhaminasgerais.com.br\/index.php\/wp-json\/wp\/v2\/categories?post=1244"},{"taxonomy":"post_tag","embeddable":true,"href":"http:\/\/folhaminasgerais.com.br\/index.php\/wp-json\/wp\/v2\/tags?post=1244"}],"curies":[{"name":"wp","href":"https:\/\/api.w.org\/{rel}","templated":true}]}}