{"id":1268,"date":"2023-08-20T09:01:35","date_gmt":"2023-08-20T12:01:35","guid":{"rendered":"http:\/\/folhaminasgerais.com.br\/?p=1268"},"modified":"2023-09-18T09:23:10","modified_gmt":"2023-09-18T12:23:10","slug":"centro-cultural-banco-do-brasil-belo-horizonte-promove-um-encontro-de-bambas-walter-firmo-retratistas-do-morro","status":"publish","type":"post","link":"http:\/\/folhaminasgerais.com.br\/index.php\/2023\/08\/20\/centro-cultural-banco-do-brasil-belo-horizonte-promove-um-encontro-de-bambas-walter-firmo-retratistas-do-morro\/","title":{"rendered":"Centro Cultural Banco do Brasil Belo Horizonte promove  \u201cUm Encontro de Bambas: Walter Firmo + Retratistas do Morro\u201d"},"content":{"rendered":"<p dir=\"ltr\"><strong>Kelly Cristina da Silva &#8211; Foto Instituto Moreira Salles.<\/strong><\/p>\n<p dir=\"ltr\">\n<p dir=\"ltr\" style=\"text-align: center;\"><strong><em>Encontro complementa exposi\u00e7\u00e3o do CCBB\u00a0\u201cWalter Firmo: No Verbo do Sil\u00eancio a S\u00edntese do Grito\u201d\u00a0e traz nomes importantes da fotografia negra brasileira<\/em><\/strong><\/p>\n<p dir=\"ltr\">O\u00a0Centro Cultural Banco do Brasil Belo Horizonte\u00a0(CCBB BH) realiza, no dia\u00a030 de agosto de 2023, o evento \u201cUm Encontro de Bambas: Walter Firmo + Retratistas do Morro\u201d, que complementa a mostra \u201cWalter Firmo: No Verbo do Sil\u00eancio a s\u00edntese do Grito\u201d, em cartaz at\u00e9 o dia\u00a018 de setembro. Na ocasi\u00e3o, o fot\u00f3grafo carioca Walter Firmo recebe Jo\u00e3o Mendes e Afonso Pimenta, do projeto Retratistas do Morro, para discutir os sentidos do ato fotogr\u00e1fico, a afetividade e o direito \u00e0 imagem. A entrada \u00e9 gratuita, mediante retirada antecipada de ingressos no site (<a href=\"http:\/\/bb.com.br\/cultura\" target=\"_blank\" rel=\"noopener\" data-saferedirecturl=\"https:\/\/www.google.com\/url?q=http:\/\/bb.com.br\/cultura&amp;source=gmail&amp;ust=1695123291413000&amp;usg=AOvVaw3ifqwPx_VPyNUlTkUjQofJ\">bb.com.br\/cultura<\/a>).<\/p>\n<p dir=\"ltr\">A conversa re\u00fane nomes importantes da fotografia, focada na representa\u00e7\u00e3o e registro da popula\u00e7\u00e3o negra do Brasil. A media\u00e7\u00e3o ser\u00e1 da curadora da exposi\u00e7\u00e3o,\u00a0Janaina Damaceno, uma das fundadoras do FICINE (F\u00f3rum Itinerante de Cinema Negro) e\u00a0Kelly Cristina da Silva, tamb\u00e9m participante do projeto Retratistas do Morro.<\/p>\n<p dir=\"ltr\">WALTER FIRMO<\/p>\n<p dir=\"ltr\">Conhecido como \u201co mestre da cor\u201d, \u00e9 um dos principais fot\u00f3grafos do pa\u00eds. Nos mais de 70 anos de carreira, Walter Firmo retratou memor\u00e1veis nomes da m\u00fasica brasileira, como Cartola, Clementina de Jesus, Dona Yvone Lara e Pixinguinha, al\u00e9m de brasileiros e brasileiras an\u00f4nimos, na vida cotidiana.<\/p>\n<p dir=\"ltr\">Nasceu em 1937 no bairro do Iraj\u00e1, no Rio de Janeiro, e foi criado no sub\u00farbio carioca. Firmo come\u00e7ou a fotografar cedo, ap\u00f3s ganhar uma c\u00e2mera de seu pai. Em 1955, ent\u00e3o com 18 anos, passou a integrar a equipe do jornal \u00daltima Hora, ap\u00f3s estudar na Associa\u00e7\u00e3o Brasileira de Arte Fotogr\u00e1fica (Abaf), no Rio. Mais tarde, trabalharia no Jornal do Brasil e, em seguida, na revista Realidade. Em 1967, j\u00e1 pela revista Manchete, foi correspondente da Editora Bloch em Nova York.<\/p>\n<p dir=\"ltr\">Neste per\u00edodo no exterior, o artista teve contato com o movimento\u00a0Black is Beautiful\u00a0e as discuss\u00f5es em torno dos direitos civis, que marcariam todo seu trabalho posterior. De volta ao Brasil, trabalhou em outros ve\u00edculos da imprensa e come\u00e7ou a fotografar para a ind\u00fastria fonogr\u00e1fica. Iniciou ainda sua pesquisa sobre as festas populares, sagradas e profanas, em todo o territ\u00f3rio brasileiro, em dire\u00e7\u00e3o a uma produ\u00e7\u00e3o cada vez mais autoral.<\/p>\n<p dir=\"ltr\">RETRATISTAS DO MORRO<\/p>\n<p dir=\"ltr\">O projeto Retratistas do Morro atua no campo da pesquisa de imagens, historicidade, conserva\u00e7\u00e3o de acervos e restaura\u00e7\u00e3o digital. A plataforma de a\u00e7\u00f5es busca o reconhecimento do movimento de fot\u00f3grafos retratistas que viveram e trabalharam nas favelas registrando, ao longo dos \u00faltimos 50 anos, os modos de vida de suas comunidades. Em 2023, foram indicados ao Pr\u00eamio PIPA e ganharam, em 2017, o 30\u00ba pr\u00eamio Rodrigo Melo Franco de Andrade do IPHAN.<\/p>\n<p dir=\"ltr\">Jo\u00e3o Mendes, participante do projeto e convidado da conversa, iniciou aos 15 anos sua trajet\u00f3ria na fotografia, depois de passar por v\u00e1rios empregos e vender picol\u00e9s de porta em porta. Em 1973, estabeleceu-se como um dos primeiros fot\u00f3grafos profissionais do bairro da Serra, em Belo Horizonte. Desde 1968, possui a loja Foto Mendes, onde quatro gera\u00e7\u00f5es de moradores do bairro foram fotografadas.<\/p>\n<p dir=\"ltr\">Como assistente na Foto Mendes,\u00a0Afonso Lopes\u00a0adentrou na arte da fotografia por necessidade. Consolidou a carreira acompanhando os movimentos culturais da m\u00fasica de Belo Horizonte que trazem a afirma\u00e7\u00e3o e a for\u00e7a da identidade cultural negra. Fotografou os concursos de dublagem, os sal\u00f5es, os dan\u00e7arinos e grupos de amigos, al\u00e9m de ter vivido de perto os bastidores do Movimento Black que surgia na periferia.<\/p>\n<p dir=\"ltr\">Kelly\u00a0Cristina da Silva\u00a0atua no Aglomerado da Serra desde 2011, promovendo a\u00e7\u00f5es culturais voltadas para a preserva\u00e7\u00e3o do patrim\u00f4nio visual, oral e hist\u00f3rico da comunidade. Recebeu o XIII Pr\u00eamio FUNARTE Marc Ferrez de Fotografia e, atualmente, tamb\u00e9m se dedica ao projeto Retratistas do Morro.<\/p>\n<p dir=\"ltr\">A EXPOSI\u00c7\u00c3O<\/p>\n<p dir=\"ltr\">Dividida em n\u00facleos tem\u00e1ticos, a mostra \u201cWalter Firmo: No Verbo do Sil\u00eancio a S\u00edntese do Grito\u201d percorre diferentes fases da carreira do fot\u00f3grafo carioca. As imagens que integram a mostra retratam e exaltam a popula\u00e7\u00e3o e a cultura negras de diversas regi\u00f5es do pa\u00eds, em ritos, festas populares e religiosas, cenas cotidianas, al\u00e9m de retratos de grandes m\u00fasicos brasileiros, do momento em que trabalhou na ind\u00fastria fonogr\u00e1fica.<\/p>\n<p dir=\"ltr\">As fotografias apresentadas registram a po\u00e9tica do artista, associada \u00e0 experimenta\u00e7\u00e3o e \u00e0 cria\u00e7\u00e3o de imagens muitas vezes encenadas e dirigidas. Linguagem pr\u00f3pria que, tendo como substrato sua consci\u00eancia de origem \u2013 social, cultural e racial \u2013 desenvolve-se amalgamada \u00e0 percep\u00e7\u00e3o da necessidade de se confrontar e se questionar os c\u00e2nones e limites da fotografia documental e do fotojornalismo.<\/p>\n<p dir=\"ltr\">CIRCUITO LIBERDADE<\/p>\n<p dir=\"ltr\">O CCBB BH \u00e9 integrante do Circuito Liberdade, complexo cultural sob gest\u00e3o da Secretaria de Estado de Cultura e Turismo (Secult), que re\u00fane diversos espa\u00e7os com as mais variadas formas de manifesta\u00e7\u00e3o de arte e cultura em transversalidade com o turismo. Trabalhando em rede, as atividades dos equipamentos parceiros ao Circuito buscam desenvolvimento humano, cultural, tur\u00edstico, social e econ\u00f4mico, com foco na economia criativa como mecanismo de gera\u00e7\u00e3o de emprego e renda, al\u00e9m da democratiza\u00e7\u00e3o e amplia\u00e7\u00e3o do acesso da popula\u00e7\u00e3o \u00e0s atividades propostas.<\/p>\n<p dir=\"ltr\">SERVI\u00c7O<br \/>\nUm Encontro de Bambas: Walter Firmo + Retratistas do Morro<\/p>\n<p dir=\"ltr\">Data\/hor\u00e1rio:\u00a030 de agosto, \u00e0s 19h<\/p>\n<p dir=\"ltr\">Local:\u00a0Teatro I &#8211;\u00a0Centro Cultural Banco do Brasil Belo Horizonte (Pra\u00e7a da Liberdade, 450 \u2013 Funcion\u00e1rios).<\/p>\n<p dir=\"ltr\">Ingressos gratuitos, retirados pelo site<a href=\"http:\/\/bb.com.br\/cultura\" target=\"_blank\" rel=\"noopener\" data-saferedirecturl=\"https:\/\/www.google.com\/url?q=http:\/\/bb.com.br\/cultura&amp;source=gmail&amp;ust=1695123291414000&amp;usg=AOvVaw01ZkDHybVmZb3Gru6PykRt\">\u00a0bb.com.br\/cultura<\/a>\u00a0ou na bilheteria f\u00edsica do CCBB.<\/p>\n<p dir=\"ltr\">Dura\u00e7\u00e3o:\u00a090min<\/p>\n<p dir=\"ltr\">Classifica\u00e7\u00e3o Indicativa:\u00a0Livre<\/p>\n<p dir=\"ltr\">\n<p dir=\"ltr\">Mais informa\u00e7\u00f5es:\u00a031 3431 9400 \u2013<a href=\"http:\/\/www.bb.com.br\/cultura\" target=\"_blank\" rel=\"noopener\" data-saferedirecturl=\"https:\/\/www.google.com\/url?q=http:\/\/www.bb.com.br\/cultura&amp;source=gmail&amp;ust=1695123291414000&amp;usg=AOvVaw1_BRZgJtcIP42sXbbW4wPD\">\u00a0bb.com.br\/cultura<\/a><\/p>\n<p dir=\"ltr\">E-mail:\u00a0<a href=\"mailto:ccbbbh@bb.com.br\" target=\"_blank\" rel=\"noopener\">ccbbbh@bb.com.br<\/a><\/p>\n<p dir=\"ltr\">Redes sociais:<\/p>\n<p dir=\"ltr\">Facebook: \/<a href=\"http:\/\/ccbb.bh\/\" target=\"_blank\" rel=\"noopener\" data-saferedirecturl=\"https:\/\/www.google.com\/url?q=http:\/\/ccbb.bh&amp;source=gmail&amp;ust=1695123291414000&amp;usg=AOvVaw2-KdriKQMFK8XrXOAkZ14t\">ccbb.bh<\/a>\u00a0| Twitter: @CCBB_BH | Instagram: @ccbbbh<\/p>\n<p dir=\"ltr\">\n<p dir=\"ltr\">Assessoria de Imprensa \u2013 Centro Cultural Banco do Brasil<\/p>\n<p dir=\"ltr\">Denise Dal\u00e2nides Costa &#8211;\u00a0<a href=\"mailto:ccbbbh@bb.com.br\" target=\"_blank\" rel=\"noopener\">ccbbbh@bb.com.br<\/a>\u00a0 (31) 3431-9450<\/p>\n","protected":false},"excerpt":{"rendered":"<p>Kelly Cristina da Silva &#8211; Foto Instituto Moreira Salles. Encontro complementa exposi\u00e7\u00e3o do CCBB\u00a0\u201cWalter Firmo: No Verbo do Sil\u00eancio a S\u00edntese do Grito\u201d\u00a0e traz nomes importantes da fotografia negra brasileira O\u00a0Centro Cultural Banco do Brasil Belo Horizonte\u00a0(CCBB BH) realiza, no dia\u00a030 de agosto de 2023, o evento \u201cUm Encontro de Bambas: Walter Firmo + Retratistas [&hellip;]<\/p>\n","protected":false},"author":3,"featured_media":1269,"comment_status":"open","ping_status":"open","sticky":false,"template":"","format":"standard","meta":[],"categories":[165],"tags":[],"_links":{"self":[{"href":"http:\/\/folhaminasgerais.com.br\/index.php\/wp-json\/wp\/v2\/posts\/1268"}],"collection":[{"href":"http:\/\/folhaminasgerais.com.br\/index.php\/wp-json\/wp\/v2\/posts"}],"about":[{"href":"http:\/\/folhaminasgerais.com.br\/index.php\/wp-json\/wp\/v2\/types\/post"}],"author":[{"embeddable":true,"href":"http:\/\/folhaminasgerais.com.br\/index.php\/wp-json\/wp\/v2\/users\/3"}],"replies":[{"embeddable":true,"href":"http:\/\/folhaminasgerais.com.br\/index.php\/wp-json\/wp\/v2\/comments?post=1268"}],"version-history":[{"count":1,"href":"http:\/\/folhaminasgerais.com.br\/index.php\/wp-json\/wp\/v2\/posts\/1268\/revisions"}],"predecessor-version":[{"id":1270,"href":"http:\/\/folhaminasgerais.com.br\/index.php\/wp-json\/wp\/v2\/posts\/1268\/revisions\/1270"}],"wp:featuredmedia":[{"embeddable":true,"href":"http:\/\/folhaminasgerais.com.br\/index.php\/wp-json\/wp\/v2\/media\/1269"}],"wp:attachment":[{"href":"http:\/\/folhaminasgerais.com.br\/index.php\/wp-json\/wp\/v2\/media?parent=1268"}],"wp:term":[{"taxonomy":"category","embeddable":true,"href":"http:\/\/folhaminasgerais.com.br\/index.php\/wp-json\/wp\/v2\/categories?post=1268"},{"taxonomy":"post_tag","embeddable":true,"href":"http:\/\/folhaminasgerais.com.br\/index.php\/wp-json\/wp\/v2\/tags?post=1268"}],"curies":[{"name":"wp","href":"https:\/\/api.w.org\/{rel}","templated":true}]}}