{"id":1330,"date":"2023-10-16T14:37:57","date_gmt":"2023-10-16T17:37:57","guid":{"rendered":"http:\/\/folhaminasgerais.com.br\/?p=1330"},"modified":"2023-10-16T14:47:57","modified_gmt":"2023-10-16T17:47:57","slug":"festival-sabia-promove-programacao-gratuita-especial-para-publico-50-em-belo-horizonte-nos-dias-21-e-22-outubro","status":"publish","type":"post","link":"http:\/\/folhaminasgerais.com.br\/index.php\/2023\/10\/16\/festival-sabia-promove-programacao-gratuita-especial-para-publico-50-em-belo-horizonte-nos-dias-21-e-22-outubro\/","title":{"rendered":"Festival Sabi\u00e1 promove programa\u00e7\u00e3o gratuita especial para p\u00fablico 50+, em Belo Horizonte, nos dias 21 e 22 outubro"},"content":{"rendered":"<p><strong>Festival Sabi\u00e1 &#8211; Foto Adilmar Santos.<\/strong><\/p>\n<p>&nbsp;<\/p>\n<p style=\"font-weight: 400; text-align: center;\"><strong><em>Terceira edi\u00e7\u00e3o do evento na cidade traz teatro, m\u00fasica, dan\u00e7a e oficinas\u00a0<\/em><\/strong><\/p>\n<p>&nbsp;<\/p>\n<p style=\"font-weight: 400;\">O\u00a0<b>Festival Sabi\u00e1<\/b>\u00a0chega \u00e0 sua terceira edi\u00e7\u00e3o em Belo Horizonte, nos dias\u00a0<b>21 e 22 de outubro<\/b>, com o tema (Re) Inventar Caminhos, na Pra\u00e7a Floriano Peixoto. Idealizado em 2019 pela EncantaQueVoa, o evento traz diversas atra\u00e7\u00f5es culturais direcionadas ao p\u00fablico 50+, reivindicando um novo olhar para o envelhecimento. Difundindo o lema \u201c50+ e nenhum sonho a menos\u201d, a programa\u00e7\u00e3o envolve m\u00fasica, teatro, dan\u00e7a, oficinas e grandes atra\u00e7\u00f5es, como o grupo Giramundo e Thiago Delegado, que divide o palco com Roberto Menescal e Fernanda Takai.<\/p>\n<p style=\"font-weight: 400;\">A proposta do festival \u00e9 criar um espa\u00e7o potente para que adultos e pessoas idosas se expressem criativamente, refletindo sobre os desafios e preconceitos sociais que cercam essa idade. \u201cO Sabi\u00e1 nasceu com a miss\u00e3o de convencer o mundo de que a vida depois dos 50 \u00e9 pulsante, transformadora e abundante de caminhos. Para tanto, \u00e9 preciso apagar, de uma vez por todas, os significados pejorativos ligados ao envelhecimento e \u00e0 vida madura, e possibilitar que as pessoas 50+ banhem a sociedade com seu protagonismo e pot\u00eancia criativa.&#8221; resume Samir Caetano, um dos idealizadores do projeto.<\/p>\n<p style=\"font-weight: 400;\">Com 50 anos de atua\u00e7\u00e3o, um dos teatros de bonecos mais antigos do Brasil, o Giramundo, apresenta a pe\u00e7a \u201cUm Ba\u00fa de Fundo Fundo\u201d, que exalta tradi\u00e7\u00f5es brasileiras e a cultura popular. Ainda nas atra\u00e7\u00f5es c\u00eanicas, os palha\u00e7os Benedita Jacarand\u00e1 e Sabonete, do grupo Trampulim, trazem truques e brincadeiras em \u201cUma surpresa para Benedita\u201d. Vale ressaltar que, embora o Festival Sabi\u00e1 seja dedicado a pessoas acima de 50 anos, todas as idades s\u00e3o convidadas a aproveitar as atra\u00e7\u00f5es e vivenciar o evento, produzindo ricas trocas entre as gera\u00e7\u00f5es.<\/p>\n<p style=\"font-weight: 400;\">O festival ainda promove grandes encontros na m\u00fasica. O violonista e compositor Thiago Delegado divide o palco com Roberto Menescal, pioneiro da bossa nova nos anos 60 e Fernanda Takai, vocalista da banda Patu Fu, que este ano celebra 30 anos de estrada. Celso Moretti, pioneiro do reggae em Minas Gerais, convida Augusta Barna, uma das grandes revela\u00e7\u00f5es da m\u00fasica atual do estado. O trio Manac\u00e1 da Serra convida Rubinho do Vale, trazendo um repert\u00f3rio de ritmos de Minas ao Nordeste.<\/p>\n<p style=\"font-weight: 400;\">No s\u00e1bado, o line-up musical ainda vem com o Coro Sabi\u00e1, do maestro Arnon Oliveira, formado especialmente para o evento. Fechando a programa\u00e7\u00e3o no domingo, o festival traz a flautista Salom\u00e9 Viegas, mestre em M\u00fasica pela Universidade Federal de Minas Gerais, o saxofonista Chico Amaral, reconhecido como letrista de grandes sucessos da banda Skank, e o DJ Joseph com a Turma do Passinho. A maioria de artistas 50+ \u00e9 uma preocupa\u00e7\u00e3o da curadoria, que assim traz representatividade.<\/p>\n<p style=\"font-weight: 400;\">Abrindo a programa\u00e7\u00e3o dos dois dias, o Sabi\u00e1 oferece espa\u00e7os para participa\u00e7\u00e3o ativa do p\u00fablico. O workshop &#8220;Etarismo Art\u00edstico-Cultural: os espa\u00e7os que ainda cabem as pessoas 50+&#8221; abre o primeiro dia de programa\u00e7\u00e3o e prop\u00f5e discutir e buscar solu\u00e7\u00f5es para os desafios enfrentados pelas pessoas acima dos 50 anos nos espa\u00e7os art\u00edsticos e culturais. A discuss\u00e3o ser\u00e1 mediada pelos analistas de diversidade do SENAC em Minas, Bruna Luzia, Bruno Silva e Elizabeth Junqueira. J\u00e1 no domingo, o dia come\u00e7a com uma atividade para o p\u00fablico se expressar criativamente, o aul\u00e3o de dan\u00e7a.<\/p>\n<p style=\"font-weight: 400;\">O Festival Sabi\u00e1 \u00e9 apresentado pelo Minist\u00e9rio da Cultura e Prefeitura de Belo Horizonte, com patroc\u00ednio do Instituto Unimed-BH e Banco Mercantil. Parceria Cultural-Educacional do Sesc e Senac em Minas. O projeto \u00e9 realizado pela EncantaQueVoa, Minist\u00e9rio da Cultura e Governo Federal &#8211; Uni\u00e3o e Reconstru\u00e7\u00e3o, via Lei Municipal de Incentivo \u00e0 Cultura de Belo Horizonte.<\/p>\n<p>&nbsp;<\/p>\n<p style=\"font-weight: 400;\"><b>SERVI\u00c7O\u00a0<\/b><\/p>\n<p style=\"font-weight: 400;\"><b>Festival Sabi\u00e1\u00a0<\/b><\/p>\n<p style=\"font-weight: 400;\"><b>Data:\u00a0<\/b>21 e 22 de outubro (s\u00e1bado e domingo)<\/p>\n<p style=\"font-weight: 400;\"><b>Hor\u00e1rio:\u00a0<\/b>9h \u00e0s 18h<\/p>\n<p style=\"font-weight: 400;\"><b>Local:\u00a0<\/b>Pra\u00e7a Floriano Peixoto, Santa Efig\u00eania &#8211; BH<\/p>\n<p style=\"font-weight: 400;\">Programa\u00e7\u00e3o gratuita<\/p>\n<p>&nbsp;<\/p>\n<p style=\"font-weight: 400;\"><b>PROGRAMA\u00c7\u00c3O<\/b><\/p>\n<p>&nbsp;<\/p>\n<p style=\"font-weight: 400;\"><b>21 de outubro &#8211; S\u00e1bado\u00a0<\/b><\/p>\n<p>&nbsp;<\/p>\n<p style=\"font-weight: 400;\"><b>10h00\u00a0<\/b>&#8211; Oficina Senac &#8211; Etarismo (SENAC)<\/p>\n<p style=\"font-weight: 400;\"><b>11h00<\/b>\u00a0&#8211; Giramundo<\/p>\n<p style=\"font-weight: 400;\"><b>12h00<\/b>\u00a0&#8211; Coro Sabi\u00e1<\/p>\n<p style=\"font-weight: 400;\"><b>13h30<\/b>\u00a0&#8211; Manac\u00e1 da Serra convida Rubinho do Vale<\/p>\n<p style=\"font-weight: 400;\"><b>15h00<\/b>\u00a0&#8211; Celso Moretti convida Augusta Barna<\/p>\n<p style=\"font-weight: 400;\"><b>16h30<\/b>\u00a0&#8211; Thiago Delegado convida Roberto Menescal e Fernanda Takai<\/p>\n<p>&nbsp;<\/p>\n<p style=\"font-weight: 400;\"><b>22 de outubro &#8211; Domingo<\/b><\/p>\n<p style=\"font-weight: 400;\"><b>10h00 &#8211;<\/b>\u00a0Aul\u00e3o Dan\u00e7a &#8211; Sesc Santa Quit\u00e9ria<\/p>\n<p style=\"font-weight: 400;\"><b>11h00<\/b>\u00a0&#8211; Sarau Instrumental &#8211; Quintal da Dona In\u00eas<\/p>\n<p style=\"font-weight: 400;\"><b>12h30<\/b>\u00a0&#8211; Trampulim<\/p>\n<p style=\"font-weight: 400;\"><b>13h30<\/b>\u00a0&#8211; Salom\u00e9 Viegas<\/p>\n<p style=\"font-weight: 400;\"><b>15h00<\/b>\u00a0&#8211; Chico Amaral<\/p>\n<p style=\"font-weight: 400;\"><b>17h00<\/b>\u00a0&#8211; DJ Joseph e Turma do Passinho<\/p>\n<p>&nbsp;<\/p>\n<p style=\"font-weight: 400;\"><b>Mais informa\u00e7\u00f5es:\u00a0<\/b><a href=\"https:\/\/www.instagram.com\/portalsabia\/\" data-saferedirecturl=\"https:\/\/www.google.com\/url?q=https:\/\/www.instagram.com\/portalsabia\/&amp;source=gmail&amp;ust=1697563023116000&amp;usg=AOvVaw2gxSUgak13rv3cwd58K69A\">instagram.com\/portalsabia\/\u00a0<\/a><\/p>\n<p style=\"font-weight: 400;\"><a href=\"https:\/\/www.portalsabia.com.br\/\" data-saferedirecturl=\"https:\/\/www.google.com\/url?q=https:\/\/www.portalsabia.com.br\/&amp;source=gmail&amp;ust=1697563023117000&amp;usg=AOvVaw1ZFmXaE_XO0rFGnyWgCe--\">https:\/\/www.portalsabia.com.br\/<\/a><\/p>\n","protected":false},"excerpt":{"rendered":"<p>Festival Sabi\u00e1 &#8211; Foto Adilmar Santos. &nbsp; Terceira edi\u00e7\u00e3o do evento na cidade traz teatro, m\u00fasica, dan\u00e7a e oficinas\u00a0 &nbsp; O\u00a0Festival Sabi\u00e1\u00a0chega \u00e0 sua terceira edi\u00e7\u00e3o em Belo Horizonte, nos dias\u00a021 e 22 de outubro, com o tema (Re) Inventar Caminhos, na Pra\u00e7a Floriano Peixoto. Idealizado em 2019 pela EncantaQueVoa, o evento traz diversas atra\u00e7\u00f5es [&hellip;]<\/p>\n","protected":false},"author":3,"featured_media":1331,"comment_status":"open","ping_status":"open","sticky":false,"template":"","format":"standard","meta":[],"categories":[165],"tags":[],"_links":{"self":[{"href":"http:\/\/folhaminasgerais.com.br\/index.php\/wp-json\/wp\/v2\/posts\/1330"}],"collection":[{"href":"http:\/\/folhaminasgerais.com.br\/index.php\/wp-json\/wp\/v2\/posts"}],"about":[{"href":"http:\/\/folhaminasgerais.com.br\/index.php\/wp-json\/wp\/v2\/types\/post"}],"author":[{"embeddable":true,"href":"http:\/\/folhaminasgerais.com.br\/index.php\/wp-json\/wp\/v2\/users\/3"}],"replies":[{"embeddable":true,"href":"http:\/\/folhaminasgerais.com.br\/index.php\/wp-json\/wp\/v2\/comments?post=1330"}],"version-history":[{"count":3,"href":"http:\/\/folhaminasgerais.com.br\/index.php\/wp-json\/wp\/v2\/posts\/1330\/revisions"}],"predecessor-version":[{"id":1334,"href":"http:\/\/folhaminasgerais.com.br\/index.php\/wp-json\/wp\/v2\/posts\/1330\/revisions\/1334"}],"wp:featuredmedia":[{"embeddable":true,"href":"http:\/\/folhaminasgerais.com.br\/index.php\/wp-json\/wp\/v2\/media\/1331"}],"wp:attachment":[{"href":"http:\/\/folhaminasgerais.com.br\/index.php\/wp-json\/wp\/v2\/media?parent=1330"}],"wp:term":[{"taxonomy":"category","embeddable":true,"href":"http:\/\/folhaminasgerais.com.br\/index.php\/wp-json\/wp\/v2\/categories?post=1330"},{"taxonomy":"post_tag","embeddable":true,"href":"http:\/\/folhaminasgerais.com.br\/index.php\/wp-json\/wp\/v2\/tags?post=1330"}],"curies":[{"name":"wp","href":"https:\/\/api.w.org\/{rel}","templated":true}]}}