{"id":1397,"date":"2023-11-04T08:37:13","date_gmt":"2023-11-04T11:37:13","guid":{"rendered":"http:\/\/folhaminasgerais.com.br\/?p=1397"},"modified":"2023-11-07T08:45:32","modified_gmt":"2023-11-07T11:45:32","slug":"inscricoes-para-1a-edicao-da-oficina-da-ceramica-santana-estao-abertas-ate-o-dia-6-de-novembro","status":"publish","type":"post","link":"http:\/\/folhaminasgerais.com.br\/index.php\/2023\/11\/04\/inscricoes-para-1a-edicao-da-oficina-da-ceramica-santana-estao-abertas-ate-o-dia-6-de-novembro\/","title":{"rendered":"Inscri\u00e7\u00f5es para 1\u00aa edi\u00e7\u00e3o da Oficina da Cer\u00e2mica Santana  est\u00e3o abertas at\u00e9 o dia 6 de novembro"},"content":{"rendered":"<p><strong>Cer\u00e2mica Santana &#8211; Divulga\u00e7\u00e3o.<\/strong><\/p>\n<p style=\"font-weight: 400; text-align: center;\"><strong><em>Curso gratuito acontece em Miguel Burnier, distrito de Ouro Preto, <\/em><em>e promove al\u00e9m das aulas, palestras e exposi\u00e7\u00f5es<\/em><\/strong><\/p>\n<p style=\"font-weight: 400;\">Entre 7 de novembro e 14 de dezembro, acontece a\u00a0<b>1\u00aa edi\u00e7\u00e3o da Oficina da Cer\u00e2mica Santana<\/b>\u00a0em Miguel Burnier, distrito de Ouro Preto\/MG, de forma completamente gratuita.\u00a0 As aulas ser\u00e3o conduzidas pelos ceramistas e artistas pl\u00e1sticos Alex Santana e Maicon Souza, da Cer\u00e2mica Santana, que produz pe\u00e7as para renomados restaurantes Brasil afora.\u00a0 As inscri\u00e7\u00f5es para participar est\u00e3o abertas\u00a0<b>e podem ser realizadas presencialmente<\/b>\u00a0no Centro de Conviv\u00eancia Nossa Casa\u00a0<b>at\u00e9 6 de novembro<\/b>, local que tamb\u00e9m sediar\u00e1 as aulas. As vagas s\u00e3o limitadas.<\/p>\n<p style=\"font-weight: 400;\">A oficina ser\u00e1 realizada sempre \u00e0s ter\u00e7as e quintas-feiras, das 18h \u00e0s 22h, com o objetivo de capacitar os alunos com t\u00e9cnicas de cria\u00e7\u00e3o de cer\u00e2micas. Al\u00e9m das aulas, a programa\u00e7\u00e3o ainda conta com duas palestras, a serem realizadas por profissionais do mercado visando o aprimoramento profissional dos alunos, e quatro mostras de processo, momento em que os participantes poder\u00e3o expor e comercializar os produtos desenvolvidos na oficina. Todas as aulas e palestras contar\u00e3o com int\u00e9rprete de libras.<\/p>\n<p style=\"font-weight: 400;\">Com o projeto, a Cer\u00e2mica Santana, primeiro ateli\u00ea-escola de cer\u00e2mica em funcionamento dentro de uma vila de periferia no pa\u00eds, busca trazer de volta a pr\u00e1tica da cer\u00e2mica para as comunidades tradicionais. O ateli\u00ea trabalha com o manuseio do barro para produ\u00e7\u00e3o de pe\u00e7as art\u00edsticas e utilit\u00e1rias, arte tradicionalmente popular, que hoje est\u00e1 bastante restrita a escolas de acesso restrito \u00e0 popula\u00e7\u00e3o de baixa renda. Al\u00e9m de incentivar a produ\u00e7\u00e3o artesanal, o objetivo da oficina tamb\u00e9m \u00e9 trabalhar para a gera\u00e7\u00e3o de trabalho e renda nas vilas e favelas.<\/p>\n<p style=\"font-weight: 400;\">Para Leonardo Beltr\u00e3o, Diretor da Atrav\u00e9s &#8211; Gest\u00e3o cultural, uma das empresas envolvidas no projeto, \u201c\u00e9 uma oportunidade \u00edmpar podermos levar um pouco das t\u00e9cnicas da Cer\u00e2mica Santana para o interior, especialmente em uma comunidade com bastante potencial de desenvolvimento no campo da cultura, como Miguel Burnier.\u201d O distrito possui voca\u00e7\u00e3o tur\u00edstica e cultural, com diversos patrim\u00f4nios materiais e imateriais, como as igrejas, o congado e a banda, al\u00e9m de diversas iniciativas de forma\u00e7\u00e3o.<\/p>\n<p style=\"font-weight: 400;\">\u201cDetectamos um potencial enorme de gera\u00e7\u00e3o de trabalho e renda, por meio da cer\u00e2mica, que faz parte da hist\u00f3ria de Ouro Preto e regi\u00e3o. Al\u00e9m de poderem desenvolver as suas aptid\u00f5es, os alunos ter\u00e3o a oportunidade de participar em eventos com grande circula\u00e7\u00e3o de p\u00fablico, para que as obras tenham vazam e possam ganhar o mundo. \u00c9 muito importante esse tipo de incentivo realizado pela Gerdau, por meio da Lei Estadual de Incentivo \u00e0 Cultura, pois foge aos eventos tradicionalmente financiados com os recursos p\u00fablicos e vai diretamente ao encontro da nova lei que acaba de ser sancionada pelo Governo do Estado, no intuito de descentralizar ainda mais as a\u00e7\u00f5es culturais em Minas. Esperamos que seja a primeira edi\u00e7\u00e3o de muitas\u201d, completa.<\/p>\n<p style=\"font-weight: 400;\"><b>Sobre Alex Santana<\/b><\/p>\n<p style=\"font-weight: 400;\">A hist\u00f3ria da Cer\u00e2mica Santana se mistura a de seu principal ceramista, o artista Alex Santana, que come\u00e7ou com a arte por meio de uma organiza\u00e7\u00e3o sem fins lucrativos de Belo Horizonte, a ONG Contato. \u201cUm amigo me chamou para um curso diferente na ONG Contato: aprender a fazer vassoura com garrafa PET. S\u00f3 que o forno comprado para queimar as cerdas tamb\u00e9m servia para cer\u00e2mica, e foi a\u00ed que o Marcelo Albert, na \u00e9poca aluno da Escola Guignard, montou uma nova oficina. No final, ficamos s\u00f3 eu e mais tr\u00eas pessoas, e todas n\u00f3s seguimos no of\u00edcio at\u00e9 hoje\u201d, conta Alex.<\/p>\n<p style=\"font-weight: 400;\">\u201cNessa \u00e9poca que me veio uma vontade de pertencimento. Todo menino negro que mora no morro vive isso \u2014 \u00e9 um desejo que vai crescendo junto com a gente. Queria ter um tenizinho bacana, andar bem vestido, ser inclu\u00eddo nos grupos. Parte de meus colegas e vizinhos entraram para o crime. Arrumar um trabalho era muito custoso. Aos 17 anos, eu rodava, rodava, e n\u00e3o aparecia nenhuma oportunidade. Eu poderia ser mais um deles\u201d complementa.<\/p>\n<p style=\"font-weight: 400;\">Inicialmente, as pe\u00e7as produzidas no local ainda eram pouco profissionais, o que impossibilitava a venda. Por conta disso, Alex n\u00e3o conseguia se dedicar exclusivamente \u00e0 cer\u00e2mica e trabalhava tamb\u00e9m como gar\u00e7om em um bar. \u201cNo in\u00edcio, precisava me dividir entre as tardes com a cer\u00e2mica e o trabalho em bar \u00e0 noite. At\u00e9 que o estabelecimento participou do festival gastron\u00f4mico Comida di Buteco e o dono prop\u00f4s usar as minhas pe\u00e7as para apresentar os pratos &#8220;, relembra o artista.<\/p>\n<p style=\"font-weight: 400;\">No festival, o artista conheceu renomados chefs de cozinha da capital mineira, como J\u00falia Martins, Ivo Faria e Fl\u00e1vio Trombino. Desde ent\u00e3o, as pe\u00e7as produzidas pela marca v\u00eam ganhando espa\u00e7o em restaurantes estrelados de todo o Brasil, como o Outland, do chef Massimo Battaglini, e o OssO, do chef Djalma Victor, respons\u00e1veis pelos trabalhos mais recentes da Cer\u00e2mica Santana. Junto ao irm\u00e3o Maicon Souza, cria pe\u00e7as descontra\u00eddas, inspiradas em cores, refer\u00eancias e formas do cotidiano.<\/p>\n<p style=\"font-weight: 400;\">Este projeto \u00e9 realizado por meio da Lei Estadual de Incentivo \u00e0 Cultura de Minas Gerais, com incentivo da Gerdau.<\/p>\n<p style=\"font-weight: 400;\"><b>SERVI\u00c7O<\/b><\/p>\n<p style=\"font-weight: 400;\"><b>1\u00aa Edi\u00e7\u00e3o Oficina Cer\u00e2mica Santana<\/b><\/p>\n<p style=\"font-weight: 400;\">de 7 de novembro a 14 de dezembro<\/p>\n<p style=\"font-weight: 400;\">Todas as ter\u00e7as e quintas-feiras<\/p>\n<p style=\"font-weight: 400;\"><b>Local:\u00a0<\/b>Centro de Conviv\u00eancia Nossa Casa<\/p>\n<p style=\"font-weight: 400;\"><b>Inscri\u00e7\u00f5es at\u00e9 6 de novembro<\/b><\/p>\n<p style=\"font-weight: 400;\"><b>Local:\u00a0<\/b>Centro de Conviv\u00eancia Nossa Casa<\/p>\n<p style=\"font-weight: 400;\">Vagas limitadas<\/p>\n","protected":false},"excerpt":{"rendered":"<p>Cer\u00e2mica Santana &#8211; Divulga\u00e7\u00e3o. Curso gratuito acontece em Miguel Burnier, distrito de Ouro Preto, e promove al\u00e9m das aulas, palestras e exposi\u00e7\u00f5es Entre 7 de novembro e 14 de dezembro, acontece a\u00a01\u00aa edi\u00e7\u00e3o da Oficina da Cer\u00e2mica Santana\u00a0em Miguel Burnier, distrito de Ouro Preto\/MG, de forma completamente gratuita.\u00a0 As aulas ser\u00e3o conduzidas pelos ceramistas e [&hellip;]<\/p>\n","protected":false},"author":3,"featured_media":1398,"comment_status":"open","ping_status":"open","sticky":false,"template":"","format":"standard","meta":[],"categories":[171,165],"tags":[],"_links":{"self":[{"href":"http:\/\/folhaminasgerais.com.br\/index.php\/wp-json\/wp\/v2\/posts\/1397"}],"collection":[{"href":"http:\/\/folhaminasgerais.com.br\/index.php\/wp-json\/wp\/v2\/posts"}],"about":[{"href":"http:\/\/folhaminasgerais.com.br\/index.php\/wp-json\/wp\/v2\/types\/post"}],"author":[{"embeddable":true,"href":"http:\/\/folhaminasgerais.com.br\/index.php\/wp-json\/wp\/v2\/users\/3"}],"replies":[{"embeddable":true,"href":"http:\/\/folhaminasgerais.com.br\/index.php\/wp-json\/wp\/v2\/comments?post=1397"}],"version-history":[{"count":1,"href":"http:\/\/folhaminasgerais.com.br\/index.php\/wp-json\/wp\/v2\/posts\/1397\/revisions"}],"predecessor-version":[{"id":1399,"href":"http:\/\/folhaminasgerais.com.br\/index.php\/wp-json\/wp\/v2\/posts\/1397\/revisions\/1399"}],"wp:featuredmedia":[{"embeddable":true,"href":"http:\/\/folhaminasgerais.com.br\/index.php\/wp-json\/wp\/v2\/media\/1398"}],"wp:attachment":[{"href":"http:\/\/folhaminasgerais.com.br\/index.php\/wp-json\/wp\/v2\/media?parent=1397"}],"wp:term":[{"taxonomy":"category","embeddable":true,"href":"http:\/\/folhaminasgerais.com.br\/index.php\/wp-json\/wp\/v2\/categories?post=1397"},{"taxonomy":"post_tag","embeddable":true,"href":"http:\/\/folhaminasgerais.com.br\/index.php\/wp-json\/wp\/v2\/tags?post=1397"}],"curies":[{"name":"wp","href":"https:\/\/api.w.org\/{rel}","templated":true}]}}