{"id":1619,"date":"2024-04-25T15:41:08","date_gmt":"2024-04-25T18:41:08","guid":{"rendered":"http:\/\/folhaminasgerais.com.br\/?p=1619"},"modified":"2024-04-25T15:46:39","modified_gmt":"2024-04-25T18:46:39","slug":"luccas-neto-traz-show-inedito-para-bh-luccas-e-gi-em-o-mundo-de-magia-e-fantasia","status":"publish","type":"post","link":"http:\/\/folhaminasgerais.com.br\/index.php\/2024\/04\/25\/luccas-neto-traz-show-inedito-para-bh-luccas-e-gi-em-o-mundo-de-magia-e-fantasia\/","title":{"rendered":"Luccas Neto traz show in\u00e9dito para BH: \u201cLuccas e Gi em: O Mundo de Magia e Fantasia\u201d"},"content":{"rendered":"<p><strong>Foto: Luccas Neto &#8211; Cr\u00e9ditos &#8211; Renan Olivetti.<\/strong><\/p>\n<p style=\"font-weight: 400; text-align: center;\"><strong><em>O show acontece no dia 5 de maio, no Expominas<\/em><\/strong><\/p>\n<p style=\"font-weight: 400;\">\u200c<\/p>\n<p style=\"font-weight: 400;\">Um dos maiores fen\u00f4menos infantojuvenis est\u00e1 de volta a Belo Horizonte com um show in\u00e9dito. Repleto de efeitos especiais, dan\u00e7a, m\u00fasica e coreografias, o espet\u00e1culo \u201cLuccas e Gi em: O Mundo de Magia e Fantasia\u201d acontece no dia 5 de maio, a partir das 16h, no Expominas.<\/p>\n<p style=\"font-weight: 400;\">Ao lado de sua irm\u00e3 Gi, Luccas Neto traz um show repleto de divers\u00e3o, aventura e aprendizado. Juntos, eles apresentam diversos tipos de profiss\u00e3o \u00e0s crian\u00e7as, revelam o que cada uma exerce e, tamb\u00e9m, contam o que querem ser quando crescer. Para a crian\u00e7ada que \u00e9 f\u00e3 dos Aventureiros, o show ainda conta com a presen\u00e7a do Super Foca e da Super Sereia lutando contra vil\u00f5es. Trazendo mais uma aventura para o espet\u00e1culo, Luccas Neto tamb\u00e9m apresenta o mundo do Pr\u00edncipe Lu e conta mais uma hist\u00f3ria emocionante sobre o reino de Lucebra.<\/p>\n<p style=\"font-weight: 400;\">O retorno de Luccas Neto \u00e0 capital mineira promete ser mais uma apresenta\u00e7\u00e3o rodeada de ensinamentos transmitidos de maneira pedag\u00f3gica e l\u00fadica, proporcionando uma experi\u00eancia \u00fanica. \u201c\u00c9 sempre um prazer receber o Luccas em Belo Horizonte. Ser\u00e1 um evento cheio de divers\u00e3o e mensagens que ir\u00e3o contribuir com o bom desenvolvimento dos pequenos\u201d, afirma o produtor do evento, Marcos Lezsy.<\/p>\n<p style=\"font-weight: 400;\"><strong>Sobre Luccas Neto<\/strong><\/p>\n<p style=\"font-weight: 400;\">Natural do Rio de Janeiro, o empreendedor, ator, produtor e roteirista Luccas Neto \u00e9 um dos maiores nomes do entretenimento infantil e infantojuvenil do pa\u00eds.<\/p>\n<p style=\"font-weight: 400;\">Seu canal no YouTube conta com mais de 40 milh\u00f5es de inscritos e j\u00e1 ultrapassou a marca de 23 bilh\u00f5es de visualiza\u00e7\u00f5es acumuladas em v\u00eddeos. O artista tamb\u00e9m entrou no ranking do instituto QualiBest como um dos maiores influenciadores digitais do Brasil.<\/p>\n<p style=\"font-weight: 400;\">Os ingressos para a apresenta\u00e7\u00e3o j\u00e1 est\u00e3o dispon\u00edveis no site<a href=\"http:\/\/www.produtoracriar.com.br\/\" data-saferedirecturl=\"https:\/\/www.google.com\/url?q=http:\/\/www.produtoracriar.com.br\/&amp;source=gmail&amp;ust=1714145796214000&amp;usg=AOvVaw1R8PWRp8GpYD1irAVit0By\">\u00a0www.produtoracriar.com.br<\/a>\u00a0e custam a partir de R$ 40. A classifica\u00e7\u00e3o \u00e9 livre e a entrada de menores de idade apenas ser\u00e1 permitida acompanhados dos pais ou respons\u00e1veis legais.<\/p>\n<p style=\"font-weight: 400;\">\u200c<\/p>\n<p style=\"font-weight: 400;\"><strong>Servi\u00e7o &#8211; Luccas e Gi em: O Mundo de Magia e Fantasia<\/strong><\/p>\n<p style=\"font-weight: 400;\"><strong>Data:<\/strong>\u00a05 de maio, domingo<br \/>\n<strong>In\u00edcio do evento:<\/strong>\u00a018h<br \/>\n<strong>Abertura dos port\u00f5es:<\/strong>\u00a016h<br \/>\n<strong>Local:<\/strong>\u00a0Expominas<br \/>\n<strong>Endere\u00e7o:<\/strong>\u00a0Av. Amazonas, 6200, Gameleira &#8211; Belo Horizonte (MG)<br \/>\n<strong>Venda de Ingressos:<\/strong>\u00a0Ingressos dispon\u00edveis a partir de R$ 40 pelo site\u00a0<a href=\"http:\/\/produtoracriar.com.br\/\" data-saferedirecturl=\"https:\/\/www.google.com\/url?q=http:\/\/produtoracriar.com.br\/&amp;source=gmail&amp;ust=1714145796214000&amp;usg=AOvVaw1kcDGuXo_cEZFHjfbfdLyC\">http:\/\/produtoracriar.com.br<\/a><br \/>\n<strong>Realiza\u00e7\u00e3o:<\/strong>\u00a0Produtora Criar<br \/>\n<strong>Instagram:<\/strong>\u00a0@\u200cprodutoracriar<br \/>\n<strong>Site:<\/strong>\u00a0<a href=\"http:\/\/produtoracriar.com.br\/\" data-saferedirecturl=\"https:\/\/www.google.com\/url?q=http:\/\/produtoracriar.com.br\/&amp;source=gmail&amp;ust=1714145796214000&amp;usg=AOvVaw1kcDGuXo_cEZFHjfbfdLyC\">http:\/\/produtoracriar.com.br<\/a><\/p>\n<p style=\"font-weight: 400;\">\n","protected":false},"excerpt":{"rendered":"<p>Foto: Luccas Neto &#8211; Cr\u00e9ditos &#8211; Renan Olivetti. O show acontece no dia 5 de maio, no Expominas \u200c Um dos maiores fen\u00f4menos infantojuvenis est\u00e1 de volta a Belo Horizonte com um show in\u00e9dito. Repleto de efeitos especiais, dan\u00e7a, m\u00fasica e coreografias, o espet\u00e1culo \u201cLuccas e Gi em: O Mundo de Magia e Fantasia\u201d acontece [&hellip;]<\/p>\n","protected":false},"author":3,"featured_media":1620,"comment_status":"open","ping_status":"open","sticky":true,"template":"","format":"standard","meta":[],"categories":[171,44],"tags":[],"_links":{"self":[{"href":"http:\/\/folhaminasgerais.com.br\/index.php\/wp-json\/wp\/v2\/posts\/1619"}],"collection":[{"href":"http:\/\/folhaminasgerais.com.br\/index.php\/wp-json\/wp\/v2\/posts"}],"about":[{"href":"http:\/\/folhaminasgerais.com.br\/index.php\/wp-json\/wp\/v2\/types\/post"}],"author":[{"embeddable":true,"href":"http:\/\/folhaminasgerais.com.br\/index.php\/wp-json\/wp\/v2\/users\/3"}],"replies":[{"embeddable":true,"href":"http:\/\/folhaminasgerais.com.br\/index.php\/wp-json\/wp\/v2\/comments?post=1619"}],"version-history":[{"count":1,"href":"http:\/\/folhaminasgerais.com.br\/index.php\/wp-json\/wp\/v2\/posts\/1619\/revisions"}],"predecessor-version":[{"id":1621,"href":"http:\/\/folhaminasgerais.com.br\/index.php\/wp-json\/wp\/v2\/posts\/1619\/revisions\/1621"}],"wp:featuredmedia":[{"embeddable":true,"href":"http:\/\/folhaminasgerais.com.br\/index.php\/wp-json\/wp\/v2\/media\/1620"}],"wp:attachment":[{"href":"http:\/\/folhaminasgerais.com.br\/index.php\/wp-json\/wp\/v2\/media?parent=1619"}],"wp:term":[{"taxonomy":"category","embeddable":true,"href":"http:\/\/folhaminasgerais.com.br\/index.php\/wp-json\/wp\/v2\/categories?post=1619"},{"taxonomy":"post_tag","embeddable":true,"href":"http:\/\/folhaminasgerais.com.br\/index.php\/wp-json\/wp\/v2\/tags?post=1619"}],"curies":[{"name":"wp","href":"https:\/\/api.w.org\/{rel}","templated":true}]}}