{"id":1720,"date":"2024-05-23T10:32:43","date_gmt":"2024-05-23T13:32:43","guid":{"rendered":"http:\/\/folhaminasgerais.com.br\/?p=1720"},"modified":"2024-05-23T10:43:48","modified_gmt":"2024-05-23T13:43:48","slug":"encontro-lab-conexao-chega-as-cidades-de-conceicao-do-para-e-curvelo","status":"publish","type":"post","link":"http:\/\/folhaminasgerais.com.br\/index.php\/2024\/05\/23\/encontro-lab-conexao-chega-as-cidades-de-conceicao-do-para-e-curvelo\/","title":{"rendered":"Encontro Lab Conex\u00e3o chega \u00e0s cidades de Concei\u00e7\u00e3o do Par\u00e1 e Curvelo"},"content":{"rendered":"<p dir=\"ltr\"><strong>Mariana Bernardes &#8211; Foto Iana Domingos.<\/strong><\/p>\n<p dir=\"ltr\" style=\"text-align: center;\"><strong><em>Espet\u00e1culos, oficinas, bate-papo com autor e palestras-show fazem parte da programa\u00e7\u00e3o que acontece entre 27 e 29 de maio<\/em><\/strong><\/p>\n<p>&nbsp;<\/p>\n<p dir=\"ltr\">Entre os dias\u00a027 e 29 de maio, o projeto Lab Conex\u00e3o estar\u00e1 nas cidades mineiras Concei\u00e7\u00e3o do Par\u00e1 e Curvelo com uma extensa\u00a0programa\u00e7\u00e3o gratuita\u00a0que envolve espet\u00e1culos de conta\u00e7\u00e3o de hist\u00f3ria, oficinas, bate-papo com autor e palestras-show. As atra\u00e7\u00f5es encerram as a\u00e7\u00f5es do projeto, que ocorre em\u00a0escolas p\u00fablicas dos munic\u00edpios e busca incentivar o protagonismo criativo de alunos e educadores.<\/p>\n<p>&nbsp;<\/p>\n<p dir=\"ltr\">Em Concei\u00e7\u00e3o do Par\u00e1, quatro escolas receber\u00e3o o espet\u00e1culo \u201cEra uma vez\u2026outra vez!\u201d da contadora de hist\u00f3rias, Denise Arantes, que tamb\u00e9m traz a oficina \u201cMosaico de Hist\u00f3rias&#8221;, para professores das redes municipal e estadual do local. Outras duas escolas ir\u00e3o receber a \u201cOficina vivencial: A Arte que desperta a criatividade\u201d, de V\u00e2nia Ordones, e a \u201cOficina Harmonias Criativas: Desenvolvendo o Eu atrav\u00e9s da Musicaliza\u00e7\u00e3o\u201d, do m\u00fasico e arte-educador Daniel Penido .<\/p>\n<p>&nbsp;<\/p>\n<p dir=\"ltr\">J\u00e1 em Curvelo, as quatro escolas que participaram do projeto ir\u00e3o ser palco do espet\u00e1culo \u201cRetalhos\u201d da multiartista Nana. Com a participa\u00e7\u00e3o de sua ventr\u00edloqua, a Macaca Lica, Nana tamb\u00e9m participa de um bate-papo com o autor sobre seu livro \u201cLica Sente\u201d no Encontro com Bibliotecas.<\/p>\n<p>Outras duas escolas da Rede Municipal ir\u00e3o receber palestras-show que t\u00eam como tema base a arte como criatividade no desenvolvimento pessoal: \u201cViver \u00c9 Uma Arte!\u00a0 Tem Arte Por Toda Parte!\u201d, com Patr\u00edcia Oliveira, e \u201cConto, Logo Existo\u201d, com Mariana Bernardes. Toda programa\u00e7\u00e3o \u00e9 gratuita e conta com interpreta\u00e7\u00e3o de libras com a int\u00e9rprete, Jacyleine Guedes.<\/p>\n<p>&nbsp;<\/p>\n<p dir=\"ltr\">O Lab Conex\u00e3o \u00e9 um projeto aprovado na Lei Federal de Incentivo \u00e0 Cultura, com patroc\u00ednio da Vallourec, Rede Mater Dei e Jaguar Mining, a realiza\u00e7\u00e3o \u00e9 da Planeta Cultura e Sustentabilidade e do Governo Federal | Uni\u00e3o e Reconstru\u00e7\u00e3o.<\/p>\n<p dir=\"ltr\">SOBRE O LAB CONEX\u00c3O<\/p>\n<p dir=\"ltr\">O Lab Conex\u00e3o, projeto aprovado pela Lei Federal de Incentivo \u00e0 Cultura, encerrou suas atividades nas cidades de Belo Horizonte e Betim, e agora encerra o ciclo em Curvelo e Concei\u00e7\u00e3o do Par\u00e1, fechando a\u00e7\u00f5es que aconteceram em 16 escolas. O projeto teve o objetivo de fomentar a cria\u00e7\u00e3o art\u00edstica entre crian\u00e7as e adolescentes de escolas p\u00fablicas, realizando laborat\u00f3rios criativos que estimulam diferentes linguagens e promovem a intera\u00e7\u00e3o com a produ\u00e7\u00e3o cultural dos munic\u00edpios participantes.<\/p>\n<p dir=\"ltr\">Durante o projeto, foram atendidas quatro escolas em cada territ\u00f3rio, onde o Lab Conex\u00e3o apoiou uma iniciativa em cada uma, levando oficinas, workshops e apresenta\u00e7\u00f5es para impulsion\u00e1-las. No final do ciclo criativo, houve uma culmin\u00e2ncia, resultando em saraus, mostras liter\u00e1rias, apresenta\u00e7\u00e3o de espet\u00e1culos e outros.<\/p>\n<p>&nbsp;<\/p>\n<p dir=\"ltr\">As a\u00e7\u00f5es buscaram partir de projetos desenvolvidos pelos pr\u00f3prios educadores das escolas, reconhecendo o protagonismo desses agentes. Assim, o Lab Conex\u00e3o incorporou as necessidades e a identidade de cada local. O projeto, al\u00e9m de apoiar essas iniciativas, estimula a economia criativa das cidades com a contrata\u00e7\u00e3o de artistas e produtores locais.\u00a0 A produ\u00e7\u00e3o do Lab Conex\u00e3o \u00e9 da produtora cultural, Rayssa Amaral.<\/p>\n<p>&nbsp;<\/p>\n<p dir=\"ltr\">O Lab Conex\u00e3o \u00e9 uma iniciativa da Planeta Cultura &amp; Sustentabilidade, com realiza\u00e7\u00e3o com o Minist\u00e9rio da Cultura e patroc\u00ednio da Vallourec, Rede Materdei e Jaguar Mining.<\/p>\n<p>&nbsp;<\/p>\n<p dir=\"ltr\">SERVI\u00c7O<\/p>\n<p dir=\"ltr\">Lab Conex\u00e3o Concei\u00e7\u00e3o do Par\u00e1 e Curvelo<\/p>\n<p dir=\"ltr\">Entre 27 e 29 de maio<\/p>\n<p>&nbsp;<\/p>\n<p dir=\"ltr\">Mais informa\u00e7\u00f5es:\u00a0<a href=\"http:\/\/www.planetacultura.com.br\/\" target=\"_blank\" rel=\"noopener\" data-saferedirecturl=\"https:\/\/www.google.com\/url?q=http:\/\/www.planetacultura.com.br&amp;source=gmail&amp;ust=1716553603089000&amp;usg=AOvVaw20Evur21IfbBvDVvvxK-RM\">www.planetacultura.com.br<\/a><\/p>\n<p dir=\"ltr\"><a href=\"https:\/\/www.instagram.com\/planetacluster\/\" target=\"_blank\" rel=\"noopener\" data-saferedirecturl=\"https:\/\/www.google.com\/url?q=https:\/\/www.instagram.com\/planetacluster\/&amp;source=gmail&amp;ust=1716553603089000&amp;usg=AOvVaw22WFb16EkwPiMSZiUXq2QC\">www.instagram.com\/<wbr \/>planetacluster\/<\/a><\/p>\n<p>&nbsp;<\/p>\n<p dir=\"ltr\">PROGRAMA\u00c7\u00c3O ENCONTRO LAB CONEX\u00c3O CURVELO (MG)<\/p>\n<p>&nbsp;<\/p>\n<p dir=\"ltr\">Espet\u00e1culo \u201cRetalhos\u201d com Nana<\/p>\n<p dir=\"ltr\">Local: Escola Municipal L\u00facio Cardoso<br \/>\nDia: 27 de maio<\/p>\n<p dir=\"ltr\">Hor\u00e1rio: 08h30<\/p>\n<p>Bate-Papo com Autor com Nana e Lica sobre o livro \u201cLica Sente\u201d<\/p>\n<p dir=\"ltr\">Local: Escola Municipal L\u00facio Cardoso<br \/>\nDia: 27 de maio<\/p>\n<p dir=\"ltr\">Hor\u00e1rio: 10h30<\/p>\n<p>&nbsp;<\/p>\n<p dir=\"ltr\">Espet\u00e1culo \u201cRetalhos\u201d com Nana<br \/>\nLocal: Escola Municipal Antonino Diniz Couto<br \/>\nDia: 27 de maio<\/p>\n<p dir=\"ltr\">Hor\u00e1rio: 14h<\/p>\n<p dir=\"ltr\">Bate-Papo com Autor com Nana e Lica sobre o livro \u201cLica Sente\u201d<\/p>\n<p dir=\"ltr\">Local: Escola Municipal Antonino Diniz Couto<br \/>\nDia: 27 de maio<\/p>\n<p dir=\"ltr\">Hor\u00e1rio: 15h30<\/p>\n<p>&nbsp;<\/p>\n<p dir=\"ltr\">Espet\u00e1culo \u201cRetalhos\u201d com Nana<br \/>\nLocal: Escola Municipal Carmelita Arrieiro<br \/>\nDia: 28 de maio<\/p>\n<p dir=\"ltr\">Hor\u00e1rio: 08h30<\/p>\n<p>Bate-Papo com Autor com Nana e Lica sobre o livro \u201cLica Sente\u201d<\/p>\n<p dir=\"ltr\">Local: Escola Municipal Carmelita Arrieiro<br \/>\nDia: 28 de maio<\/p>\n<p dir=\"ltr\">Hor\u00e1rio: 09h30<\/p>\n<p>&nbsp;<\/p>\n<p dir=\"ltr\">Espet\u00e1culo \u201cRetalhos\u201d com Nana<br \/>\nLocal: Escola Municipal Angelina Dotti<br \/>\nDia: 28 de maio<\/p>\n<p dir=\"ltr\">Hor\u00e1rio: 14h<\/p>\n<p dir=\"ltr\">Bate-Papo com Autor com Nana e Lica sobre o livro \u201cLica Sente\u201d<\/p>\n<p dir=\"ltr\">Local: Escola Municipal Angelina Dotti<br \/>\nDia: 28 de maio<\/p>\n<p dir=\"ltr\">Hor\u00e1rio: 15h30<\/p>\n<p>&nbsp;<\/p>\n<p dir=\"ltr\">Palestra-Show \u201cViver \u00c9 Uma Arte! Tem Arte Por Toda Parte!\u201d, com Patr\u00edcia Oliveira<br \/>\nLocal: E. M. Maria Am\u00e1lia<br \/>\nDia: 29 de maio<br \/>\nHor\u00e1rio: 8h<\/p>\n<p>&nbsp;<\/p>\n<p dir=\"ltr\">Palestra-Show \u201cConto, Logo Existo\u201d, com Mariana Bernardes<\/p>\n<p dir=\"ltr\">Local: E. M. Maria Am\u00e1lia<br \/>\nDia: 29 de maio<br \/>\nHor\u00e1rio: 9h<\/p>\n<p>&nbsp;<\/p>\n<p dir=\"ltr\">Palestra-Show \u201cViver \u00c9 Uma Arte! Tem Arte Por Toda Parte!\u201d, com Patr\u00edcia Oliveira<br \/>\nLocal: E. M. Padre Celso De Carvalho<br \/>\nDia: 29 de maio<br \/>\nHor\u00e1rio: 13h<\/p>\n<p>&nbsp;<\/p>\n<p dir=\"ltr\">Palestra-Show \u201cConto, Logo Existo\u201d, com Mariana Bernardes<\/p>\n<p dir=\"ltr\">Local: E. M. Padre Celso De Carvalho<br \/>\nDia: 29 de maio<br \/>\nHor\u00e1rio: 14h<\/p>\n<p>&nbsp;<\/p>\n<p dir=\"ltr\">PROGRAMA\u00c7\u00c3O ENCONTRO LAB CONEX\u00c3O CONCEI\u00c7\u00c3O DO PAR\u00c1 (MG)<\/p>\n<p>&nbsp;<\/p>\n<p dir=\"ltr\">Oficina Harmonias Criativas: Desenvolvendo o Eu atrav\u00e9s da Musicaliza\u00e7\u00e3o, com Daniel Penido<\/p>\n<p dir=\"ltr\">Local: Escola Estadual Bom Jesus do Oeste<\/p>\n<p dir=\"ltr\">Data: 27 de maio<\/p>\n<p dir=\"ltr\">Hor\u00e1rio: 9h45<\/p>\n<p>&nbsp;<\/p>\n<p dir=\"ltr\">Oficina vivencial: A Arte que desperta a criatividade de V\u00e2nia Ordones<\/p>\n<p dir=\"ltr\">Local: Escola Estadual Bom Jesus do Oeste<\/p>\n<p dir=\"ltr\">Data: 27 de maio<\/p>\n<p dir=\"ltr\">Hor\u00e1rio: 10h30<\/p>\n<p>&nbsp;<\/p>\n<p dir=\"ltr\">Oficina Harmonias Criativas: Desenvolvendo o Eu atrav\u00e9s da Musicaliza\u00e7\u00e3o, com Daniel Penido<\/p>\n<p dir=\"ltr\">Local: Escola Municipal Professor Jos\u00e9 Morato &#8211; 2\u00aa escola<\/p>\n<p dir=\"ltr\">Data: 27 de maio<\/p>\n<p dir=\"ltr\">Hor\u00e1rio: 13h30<\/p>\n<p>&nbsp;<\/p>\n<p dir=\"ltr\">Oficina vivencial: A Arte que desperta a criatividade de V\u00e2nia Ordones<\/p>\n<p dir=\"ltr\">Local: Escola Municipal Professor Jos\u00e9 Morato &#8211; 2\u00aa escola<\/p>\n<p dir=\"ltr\">Data: 27 de maio<\/p>\n<p dir=\"ltr\">Hor\u00e1rio: 15h30<\/p>\n<p>&nbsp;<\/p>\n<p dir=\"ltr\">Espet\u00e1culo: \u201cEra Uma Vez\u2026 Outra Vez\u201d, com Denise Arantes<\/p>\n<p dir=\"ltr\">Local: Escola Estadual Isauro Epif\u00e2nio<\/p>\n<p dir=\"ltr\">Dia: 28 de maio<\/p>\n<p dir=\"ltr\">Hor\u00e1rio: 13h<\/p>\n<p>&nbsp;<\/p>\n<p dir=\"ltr\">Espet\u00e1culo: \u201cEra Uma Vez\u2026 Outra Vez\u201d, com Denise Arantes<\/p>\n<p dir=\"ltr\">Local: Cmei Dimas Fidelis Campos<\/p>\n<p dir=\"ltr\">Dia: 28 de maio<\/p>\n<p dir=\"ltr\">Hor\u00e1rio: 15h<\/p>\n<p>&nbsp;<\/p>\n<p dir=\"ltr\">Encontro com Biblioteca: \u201cMosaico De Hist\u00f3rias\u201d, com Denise Arantes para os professores da Rede Municipal e Estadual<\/p>\n<p dir=\"ltr\">Local: Cmei Dimas Fid\u00e9lis Campos<\/p>\n<p dir=\"ltr\">Dia: 28 de maio<\/p>\n<p dir=\"ltr\">Hor\u00e1rio: 18h<\/p>\n<p>&nbsp;<\/p>\n<p dir=\"ltr\">Espet\u00e1culo: \u201cEra Uma Vez\u2026 Outra Vez\u201d, com Denise Arantes<\/p>\n<p dir=\"ltr\">Local: Escola Municipal Doutor Jos\u00e9 Lima Guimar\u00e3es<\/p>\n<p dir=\"ltr\">Dia: 29 de maio<\/p>\n<p dir=\"ltr\">Hor\u00e1rio: 9h<\/p>\n<p>&nbsp;<\/p>\n<p dir=\"ltr\">Espet\u00e1culo: \u201cEra Uma Vez\u2026 Outra Vez\u201d, com Denise Arantes<\/p>\n<p dir=\"ltr\">Local: Escola Municipal Aurora J\u00falia Da Fonseca<\/p>\n<p dir=\"ltr\">Dia: 29 de maio<\/p>\n<p dir=\"ltr\">Hor\u00e1rio: 19h<\/p>\n<p>&nbsp;<\/p>\n<p dir=\"ltr\">LEI FEDERAL DE INCENTIVO \u00c0 CULTURA<\/p>\n<p dir=\"ltr\">PATROC\u00cdNIO: VALLOUREC, REDE MATER DEI E JAGUAR MINING<\/p>\n<p dir=\"ltr\">REALIZA\u00c7\u00c3O: PLANETA CULTURA E SUSTENTABILIDADE | GOVERNO FEDERAL &#8211; UNI\u00c3O E RECONSTRU\u00c7\u00c3O<\/p>\n","protected":false},"excerpt":{"rendered":"<p>Mariana Bernardes &#8211; Foto Iana Domingos. Espet\u00e1culos, oficinas, bate-papo com autor e palestras-show fazem parte da programa\u00e7\u00e3o que acontece entre 27 e 29 de maio &nbsp; Entre os dias\u00a027 e 29 de maio, o projeto Lab Conex\u00e3o estar\u00e1 nas cidades mineiras Concei\u00e7\u00e3o do Par\u00e1 e Curvelo com uma extensa\u00a0programa\u00e7\u00e3o gratuita\u00a0que envolve espet\u00e1culos de conta\u00e7\u00e3o de [&hellip;]<\/p>\n","protected":false},"author":3,"featured_media":1721,"comment_status":"open","ping_status":"open","sticky":true,"template":"","format":"standard","meta":[],"categories":[171,165],"tags":[],"_links":{"self":[{"href":"http:\/\/folhaminasgerais.com.br\/index.php\/wp-json\/wp\/v2\/posts\/1720"}],"collection":[{"href":"http:\/\/folhaminasgerais.com.br\/index.php\/wp-json\/wp\/v2\/posts"}],"about":[{"href":"http:\/\/folhaminasgerais.com.br\/index.php\/wp-json\/wp\/v2\/types\/post"}],"author":[{"embeddable":true,"href":"http:\/\/folhaminasgerais.com.br\/index.php\/wp-json\/wp\/v2\/users\/3"}],"replies":[{"embeddable":true,"href":"http:\/\/folhaminasgerais.com.br\/index.php\/wp-json\/wp\/v2\/comments?post=1720"}],"version-history":[{"count":1,"href":"http:\/\/folhaminasgerais.com.br\/index.php\/wp-json\/wp\/v2\/posts\/1720\/revisions"}],"predecessor-version":[{"id":1722,"href":"http:\/\/folhaminasgerais.com.br\/index.php\/wp-json\/wp\/v2\/posts\/1720\/revisions\/1722"}],"wp:featuredmedia":[{"embeddable":true,"href":"http:\/\/folhaminasgerais.com.br\/index.php\/wp-json\/wp\/v2\/media\/1721"}],"wp:attachment":[{"href":"http:\/\/folhaminasgerais.com.br\/index.php\/wp-json\/wp\/v2\/media?parent=1720"}],"wp:term":[{"taxonomy":"category","embeddable":true,"href":"http:\/\/folhaminasgerais.com.br\/index.php\/wp-json\/wp\/v2\/categories?post=1720"},{"taxonomy":"post_tag","embeddable":true,"href":"http:\/\/folhaminasgerais.com.br\/index.php\/wp-json\/wp\/v2\/tags?post=1720"}],"curies":[{"name":"wp","href":"https:\/\/api.w.org\/{rel}","templated":true}]}}