{"id":1819,"date":"2024-07-31T16:23:53","date_gmt":"2024-07-31T19:23:53","guid":{"rendered":"http:\/\/folhaminasgerais.com.br\/?p=1819"},"modified":"2024-07-31T16:38:38","modified_gmt":"2024-07-31T19:38:38","slug":"seguranca-no-anel-rodoviario-de-belo-horizonte-necessidade-de-mudancas-urgentes","status":"publish","type":"post","link":"http:\/\/folhaminasgerais.com.br\/index.php\/2024\/07\/31\/seguranca-no-anel-rodoviario-de-belo-horizonte-necessidade-de-mudancas-urgentes\/","title":{"rendered":"Seguran\u00e7a no Anel Rodovi\u00e1rio de Belo Horizonte: Necessidade de Mudan\u00e7as Urgentes"},"content":{"rendered":"<p style=\"text-align: center;\"><strong><em>Especialista em planejamento urbano aponta falhas na administra\u00e7\u00e3o da via e destaca import\u00e2ncia de melhorias para reduzir acidentes e morteS<\/em><\/strong><\/p>\n<p>O Anel Rodovi\u00e1rio de Belo Horizonte, com cerca de 27 quil\u00f4metros de extens\u00e3o, \u00e9 uma via crucial para o tr\u00e1fego da capital mineira, come\u00e7ando no encontro entre BR-262 e BR-381 e terminando na jun\u00e7\u00e3o entre BR-040 e BR-356. Recentemente, a Prefeitura de Belo Horizonte (PBH) solicitou uma mudan\u00e7a na administra\u00e7\u00e3o da rodovia, que \u00e9 parcialmente gerida pela concession\u00e1ria Via 040, respons\u00e1vel por cerca de 10,5 quil\u00f4metros do trecho considerado mais perigoso. A PBH argumenta que esse trecho passou por poucas altera\u00e7\u00f5es e que o n\u00famero de acidentes e mortes tem aumentado, justificando a necessidade de uma interven\u00e7\u00e3o mais eficaz.<\/p>\n<p>A justi\u00e7a, no entanto, negou o pedido da PBH, mantendo a administra\u00e7\u00e3o do trecho com a Via 040. Apesar disso, o debate sobre a seguran\u00e7a e a gest\u00e3o do Anel Rodovi\u00e1rio continua. Segundo a especialista em planejamento urbano, B\u00e1rbara Fran\u00e7a, a necessidade de mudan\u00e7as na rodovia \u00e9 evidente. &#8220;O Anel Rodovi\u00e1rio \u00e9 uma art\u00e9ria vital para Belo Horizonte, mas sua infraestrutura atual n\u00e3o atende \u00e0s demandas de seguran\u00e7a e fluxo de ve\u00edculos que temos hoje. A aus\u00eancia de melhorias significativas no trecho administrado pela Via 040 \u00e9 preocupante, especialmente considerando o aumento no n\u00famero de acidentes fatais&#8221;, afirma.<\/p>\n<p>O Anel Rodovi\u00e1rio, embora concebido como uma via metropolitana e federal, h\u00e1 muitos anos se tornou uma via urbana, fazendo parte do contexto da cidade. Ele \u00e9 utilizado para deslocamentos internos de Belo Horizonte, ligando diversos bairros. &#8220;A transforma\u00e7\u00e3o do Anel Rodovi\u00e1rio em uma via urbana implica em uma s\u00e9rie de desafios que precisam ser enfrentados para garantir a seguran\u00e7a e efici\u00eancia do tr\u00e1fego. Melhorias pontuais, como a constru\u00e7\u00e3o de viadutos e passarelas para pedestres, s\u00e3o essenciais para proteger a popula\u00e7\u00e3o&#8221;, destaca B\u00e1rbara Fran\u00e7a, citando propostas do prefeito Fuad Noman para reduzir o n\u00famero de v\u00edtimas na rodovia.<\/p>\n<p>A especialista destaca que a rodovia n\u00e3o apenas facilita o tr\u00e2nsito entre diferentes regi\u00f5es da cidade, mas tamb\u00e9m serve como um importante corredor log\u00edstico para o transporte de cargas que atravessam a regi\u00e3o metropolitana. &#8220;A import\u00e2ncia do Anel Rodovi\u00e1rio vai al\u00e9m do tr\u00e1fego local. Ele \u00e9 essencial para a economia da cidade e do estado, conectando importantes rodovias federais que cruzam Minas Gerais. No entanto, sem melhorias na seguran\u00e7a e na gest\u00e3o da via, estamos colocando em risco vidas e comprometendo a efici\u00eancia log\u00edstica da regi\u00e3o&#8221;, explica.<\/p>\n<p>Preven\u00e7\u00e3o de Acidentes e Mudan\u00e7as Necess\u00e1rias<\/p>\n<p>Para aumentar a seguran\u00e7a, B\u00e1rbara sugere interven\u00e7\u00f5es abrangentes, incluindo a duplica\u00e7\u00e3o de pistas, a instala\u00e7\u00e3o de barreiras de prote\u00e7\u00e3o e melhorias na sinaliza\u00e7\u00e3o. Ela enfatiza tamb\u00e9m a import\u00e2ncia de um sistema de monitoramento mais eficaz para identificar e reagir rapidamente a incidentes. &#8220;A moderniza\u00e7\u00e3o da rodovia \u00e9 essencial. Precisamos de solu\u00e7\u00f5es tecnol\u00f3gicas que possam prevenir acidentes e oferecer respostas r\u00e1pidas em caso de emerg\u00eancias. A instala\u00e7\u00e3o de c\u00e2meras de monitoramento e a implementa\u00e7\u00e3o de sistemas inteligentes de gest\u00e3o de tr\u00e1fego podem fazer uma grande diferen\u00e7a&#8221;, complementa.<\/p>\n<p>A discuss\u00e3o sobre o futuro do Anel Rodovi\u00e1rio de Belo Horizonte \u00e9 urgente e necess\u00e1ria. A seguran\u00e7a dos motoristas e a efici\u00eancia log\u00edstica da regi\u00e3o dependem de a\u00e7\u00f5es concretas e imediatas para melhorar a infraestrutura e a gest\u00e3o da rodovia. As observa\u00e7\u00f5es da B\u00e1rbara Fran\u00e7a refor\u00e7am a necessidade de uma abordagem integrada e proativa para garantir que essa via crucial possa continuar a servir a popula\u00e7\u00e3o de Belo Horizonte de forma segura e eficiente.<\/p>\n<p>&nbsp;<\/p>\n<p>Fonte: B\u00e1rbara Fran\u00e7a &#8211; professora, p\u00f3s-doutora em Planejamento Urbano, ativista ambiental, especialista em problemas urbanos e ambientais.<\/p>\n<p>&nbsp;<\/p>\n<p>Foto: Acervo Pessoal | Divulga\u00e7\u00e3o<\/p>\n","protected":false},"excerpt":{"rendered":"<p>Especialista em planejamento urbano aponta falhas na administra\u00e7\u00e3o da via e destaca import\u00e2ncia de melhorias para reduzir acidentes e morteS O Anel Rodovi\u00e1rio de Belo Horizonte, com cerca de 27 quil\u00f4metros de extens\u00e3o, \u00e9 uma via crucial para o tr\u00e1fego da capital mineira, come\u00e7ando no encontro entre BR-262 e BR-381 e terminando na jun\u00e7\u00e3o entre [&hellip;]<\/p>\n","protected":false},"author":3,"featured_media":1820,"comment_status":"open","ping_status":"open","sticky":true,"template":"","format":"standard","meta":[],"categories":[161,171],"tags":[],"_links":{"self":[{"href":"http:\/\/folhaminasgerais.com.br\/index.php\/wp-json\/wp\/v2\/posts\/1819"}],"collection":[{"href":"http:\/\/folhaminasgerais.com.br\/index.php\/wp-json\/wp\/v2\/posts"}],"about":[{"href":"http:\/\/folhaminasgerais.com.br\/index.php\/wp-json\/wp\/v2\/types\/post"}],"author":[{"embeddable":true,"href":"http:\/\/folhaminasgerais.com.br\/index.php\/wp-json\/wp\/v2\/users\/3"}],"replies":[{"embeddable":true,"href":"http:\/\/folhaminasgerais.com.br\/index.php\/wp-json\/wp\/v2\/comments?post=1819"}],"version-history":[{"count":1,"href":"http:\/\/folhaminasgerais.com.br\/index.php\/wp-json\/wp\/v2\/posts\/1819\/revisions"}],"predecessor-version":[{"id":1821,"href":"http:\/\/folhaminasgerais.com.br\/index.php\/wp-json\/wp\/v2\/posts\/1819\/revisions\/1821"}],"wp:featuredmedia":[{"embeddable":true,"href":"http:\/\/folhaminasgerais.com.br\/index.php\/wp-json\/wp\/v2\/media\/1820"}],"wp:attachment":[{"href":"http:\/\/folhaminasgerais.com.br\/index.php\/wp-json\/wp\/v2\/media?parent=1819"}],"wp:term":[{"taxonomy":"category","embeddable":true,"href":"http:\/\/folhaminasgerais.com.br\/index.php\/wp-json\/wp\/v2\/categories?post=1819"},{"taxonomy":"post_tag","embeddable":true,"href":"http:\/\/folhaminasgerais.com.br\/index.php\/wp-json\/wp\/v2\/tags?post=1819"}],"curies":[{"name":"wp","href":"https:\/\/api.w.org\/{rel}","templated":true}]}}