{"id":1874,"date":"2024-08-19T09:31:46","date_gmt":"2024-08-19T12:31:46","guid":{"rendered":"http:\/\/folhaminasgerais.com.br\/?p=1874"},"modified":"2024-08-19T09:34:27","modified_gmt":"2024-08-19T12:34:27","slug":"bh-stock-festival-leva-a-esplanada-do-mineirao-carros-que-fizeram-historia-na-stock-car","status":"publish","type":"post","link":"http:\/\/folhaminasgerais.com.br\/index.php\/2024\/08\/19\/bh-stock-festival-leva-a-esplanada-do-mineirao-carros-que-fizeram-historia-na-stock-car\/","title":{"rendered":"BH Stock Festival leva \u00e0 Esplanada do Mineir\u00e3o carros que fizeram hist\u00f3ria na Stock Car"},"content":{"rendered":"<p style=\"text-align: left;\"><strong>Detalhe do carro com o qual Wilson Fittipaldi Jr. foi vice-campe\u00e3o em 1991 &#8211; (Marcelo Machado de Melo\/Stock Car).<\/strong><\/p>\n<p style=\"text-align: center;\"><strong><em>Modelos que consagraram lendas, como o mineiro Paul\u00e3o Gomes, fazem parte do Acervo Jos\u00e9 Renato Ara\u00fajo, que re\u00fane a mais incr\u00edvel cole\u00e7\u00e3o de carros de corrida do automobilismo brasileiro. Carros estar\u00e3o expostos neste fim de semana como uma das atra\u00e7\u00f5es na capital de Minas Gerais<\/em><\/strong><\/p>\n<p style=\"text-align: left;\">O BH Stock Festival leva \u00e0 Esplanada do Mineir\u00e3o muita velocidade, divers\u00e3o, shows inesquec\u00edveis para todos os gostos e tamb\u00e9m uma grande exposi\u00e7\u00e3o de carros que marcaram a hist\u00f3ria da Stock Car Pro Series e do automobilismo brasileiro como um todo. Neste fim de semana (15 a 18 de agosto), modelos que marcaram \u00e9poca e consagraram pilotos ic\u00f4nicos em nosso pa\u00eds ser\u00e3o exibidos ao p\u00fablico na Regi\u00e3o da Pampulha, onde estar\u00e1 instalado o Circuito Toninho da Matta, palco da primeira etapa da Stock Car nas ruas de Belo Horizonte, capital de Minas Gerais.<br \/>\nOs carros que ser\u00e3o expostos na Esplanada do Mineir\u00e3o pertencem ao acervo de Jos\u00e9 Renato Ara\u00fajo, colecionador de 46 anos, natural de Mogi das Cruzes (SP), por\u00e9m radicado em Nova Lima, regi\u00e3o metropolitana de Belo Horizonte.<br \/>\nSer\u00e3o oito os modelos que estar\u00e3o diante dos olhos do p\u00fablico no BH Stock Festival. Entre eles, os Chevrolet Opala de 1983 e 1984, que conduziram o mineiro Paulo Gomes \u2014 nascido em Patos de Minas \u2014 aos t\u00edtulos das respectivas temporadas na Stock Car, e o Chevrolet Omega e o Vectra que Chico Serra guiou nas campanhas que o tornaram tricampe\u00e3o da categoria em 1999, 2000 e 2001.<br \/>\nOutro modelo que chama a aten\u00e7\u00e3o e promete emocionar os f\u00e3s do automobilismo \u00e9 o Chevrolet Opala guiado por Wilson Fittipaldi Jr. em 1991, ano que marcou sua melhor temporada na Stock Car, na qual foi vice-campe\u00e3o. Destaque tamb\u00e9m para os \u2018Opal\u00f5es\u2019 pilotados por Marcos Gracia e Zeca Giaffone na conquista dos t\u00edtulos de 1986 e 1987, respectivamente, e do Peugeot 307 Sedan todo preto pilotado em 2008 pelo ex-F\u00f3rmula 1 Ricardo Zonta, atualmente vice-l\u00edder da temporada 2024 da Stock Car.<\/p>\n<p style=\"text-align: left;\">Acervo singular \u2014\u00a0Jos\u00e9 Renato Ara\u00fajo se emociona ao contar sobre como conseguiu reunir tantos carros hist\u00f3ricos do automobilismo brasileiro. \u201c\u00c9 um orgulho porque, na pr\u00e1tica, \u00e9 a \u00fanica cole\u00e7\u00e3o de carros da Stock Car. Tinha uma ideia que envolvia carros antigos. E quando estava a desenvolver essa ideia, de alguma forma os carros cruzaram o meu caminho. Fiz um grande esfor\u00e7o e consegui adquirir todos os que eu pude\u201d.<br \/>\n\u201c\u00c9 a primeira vez que eles ser\u00e3o expostos. Acho importante compartilhar isso. Tem muita gente apaixonada pelo automobilismo, muitos amantes da Stock Car, e esses carros contam muito desta hist\u00f3ria em particular e do automobilismo brasileiro como um todo\u201d, declarou o colecionador.<br \/>\nBoa parte dos carros que estar\u00e3o expostos na Esplanada do Mineir\u00e3o levam os aut\u00f3grafos dos pilotos que os guiaram: os modelos pilotados por Paul\u00e3o Gomes, Chico Serra, Zeca Giaffone, Marcos Gracia e Ricardo Zonta levam a assinatura dos competidores.<br \/>\nAo falar sobre o Chevrolet Opala pilotado por Marcos Gracia \u2014 piloto nascido em Birigui e radicado em Goi\u00e2nia \u2014, Jos\u00e9 Renato Ara\u00fajo n\u00e3o escondeu a admira\u00e7\u00e3o. \u201c\u00c9 o que eu acho mais bonito. Conheci o Alan Mosca, filho do Sid Mosca. E ele me detalhou como esse carro foi pintado, por meio de um processo minucioso, com diversas camadas. E a pintura \u00e9, de fato, realmente diferente\u201d, disse.<br \/>\nOutro modelo que Ara\u00fajo revela grande admira\u00e7\u00e3o e que estar\u00e1 na exposi\u00e7\u00e3o no BH Stock Festival \u00e9 o Opala que foi pilotado por Walter Travaglini. \u201c\u00c9 um carro que guardo com muito carinho, j\u00e1 que ele \u00e9 um cara que todo mundo tem muita admira\u00e7\u00e3o. Foi um dos melhores kartistas de todos os tempos\u201d, contou.<\/p>\n<p style=\"text-align: left;\"><strong>A seguir, confira os carros do Acervo Jos\u00e9 Renato Ara\u00fajo que estar\u00e3o em exposi\u00e7\u00e3o no BH Stock Festival:<\/strong><\/p>\n<p style=\"text-align: left;\">Carro 1<br \/>\nPiloto: Paulo Gomes<br \/>\nModelo: Chevrolet Opala<br \/>\nAno: 1983<br \/>\nN\u00famero: 22<br \/>\nEquipe: Coca Cola<br \/>\nVit\u00f3rias: 4<br \/>\nP\u00f3dios: 5<br \/>\nCampe\u00e3o em 1983<\/p>\n<p style=\"text-align: left;\">Carro 2<br \/>\nPiloto: Paulo Gomes<br \/>\nModelo: Chevrolet Opala<br \/>\nAno: 1984<br \/>\nN\u00famero: 22<br \/>\nEquipe: Metalp\u00f3<br \/>\nVit\u00f3rias: 4<br \/>\nPoles: 1<br \/>\nP\u00f3dios: 6<br \/>\nCampe\u00e3o em 1984<\/p>\n<p style=\"text-align: left;\">Carro 3<br \/>\nPiloto: Marcos Gracia<br \/>\nModelo: Chevrolet Opala<br \/>\nAno: 1986<br \/>\nN\u00famero: 67<br \/>\nEquipe: Havoline<br \/>\nVit\u00f3rias: 2<br \/>\nPoles: 2<br \/>\nP\u00f3dios: 6<br \/>\nCampe\u00e3o em 1986<\/p>\n<p style=\"text-align: left;\">Carro 4<br \/>\nPiloto: Zeca Giaffone<br \/>\nModelo: Chevrolet Opala (carenagem Caio Hidropl\u00e1s)<br \/>\nAno: 1987<br \/>\nN\u00famero: 31<br \/>\nEquipe: Blindex<br \/>\nPoles: 1<br \/>\nP\u00f3dios: 5<br \/>\nCampe\u00e3o em 1987<\/p>\n<p style=\"text-align: left;\">Carro 5<br \/>\nPiloto: Walter Travaglini<br \/>\nModelo: Chevrolet Opala<br \/>\nAno: 1990<br \/>\nN\u00famero: 33<br \/>\nEquipe: Auto Neg<br \/>\n15\u00ba em 1990<\/p>\n<p style=\"text-align: left;\">Carro 6<br \/>\nPiloto: Wilson Fittipaldi Jr.<br \/>\nModelo: Chevrolet Opala<br \/>\nAno: 1991<br \/>\nN\u00famero: 7<br \/>\nEquipe: Amico (Action Power)<br \/>\nVit\u00f3rias: 1<br \/>\nP\u00f3dios: 6<br \/>\nVice-campe\u00e3o em 1991<\/p>\n<p style=\"text-align: left;\">Carro 7<br \/>\nPiloto: Chico Serra<br \/>\nModelo: Chevrolet Omega<br \/>\nAno: 1999<br \/>\nN\u00famero: 3<br \/>\nEquipe: Texaco (WB Racing)<br \/>\nVit\u00f3rias: 8<br \/>\nPoles: 2<br \/>\nP\u00f3dios: 15<br \/>\nCampe\u00e3o em 1999<\/p>\n<p style=\"text-align: left;\">Carro 8<br \/>\nPiloto: Chico Serra<br \/>\nModelo: Chevrolet Vectra<br \/>\nAnos: 2000 e 2001<br \/>\nN\u00famero: 1<br \/>\nEquipe: Texaco (WB Racing)<br \/>\nVit\u00f3rias: 11<br \/>\nPoles: 10<br \/>\nP\u00f3dios: 18<br \/>\nBicampe\u00e3o em 2000\/2001<\/p>\n<p style=\"text-align: left;\">Carro 9<br \/>\nPiloto: Ricardo Zonta<br \/>\nModelo: Peugeot 307 Sedan<br \/>\nAno: 2009<br \/>\nN\u00famero: 42<br \/>\nEquipe: Panasonic Racing<br \/>\n24\u00ba em 2008<\/p>\n","protected":false},"excerpt":{"rendered":"<p>Detalhe do carro com o qual Wilson Fittipaldi Jr. foi vice-campe\u00e3o em 1991 &#8211; (Marcelo Machado de Melo\/Stock Car). Modelos que consagraram lendas, como o mineiro Paul\u00e3o Gomes, fazem parte do Acervo Jos\u00e9 Renato Ara\u00fajo, que re\u00fane a mais incr\u00edvel cole\u00e7\u00e3o de carros de corrida do automobilismo brasileiro. Carros estar\u00e3o expostos neste fim de semana [&hellip;]<\/p>\n","protected":false},"author":3,"featured_media":1875,"comment_status":"open","ping_status":"open","sticky":true,"template":"","format":"standard","meta":[],"categories":[161,171],"tags":[],"_links":{"self":[{"href":"http:\/\/folhaminasgerais.com.br\/index.php\/wp-json\/wp\/v2\/posts\/1874"}],"collection":[{"href":"http:\/\/folhaminasgerais.com.br\/index.php\/wp-json\/wp\/v2\/posts"}],"about":[{"href":"http:\/\/folhaminasgerais.com.br\/index.php\/wp-json\/wp\/v2\/types\/post"}],"author":[{"embeddable":true,"href":"http:\/\/folhaminasgerais.com.br\/index.php\/wp-json\/wp\/v2\/users\/3"}],"replies":[{"embeddable":true,"href":"http:\/\/folhaminasgerais.com.br\/index.php\/wp-json\/wp\/v2\/comments?post=1874"}],"version-history":[{"count":1,"href":"http:\/\/folhaminasgerais.com.br\/index.php\/wp-json\/wp\/v2\/posts\/1874\/revisions"}],"predecessor-version":[{"id":1876,"href":"http:\/\/folhaminasgerais.com.br\/index.php\/wp-json\/wp\/v2\/posts\/1874\/revisions\/1876"}],"wp:featuredmedia":[{"embeddable":true,"href":"http:\/\/folhaminasgerais.com.br\/index.php\/wp-json\/wp\/v2\/media\/1875"}],"wp:attachment":[{"href":"http:\/\/folhaminasgerais.com.br\/index.php\/wp-json\/wp\/v2\/media?parent=1874"}],"wp:term":[{"taxonomy":"category","embeddable":true,"href":"http:\/\/folhaminasgerais.com.br\/index.php\/wp-json\/wp\/v2\/categories?post=1874"},{"taxonomy":"post_tag","embeddable":true,"href":"http:\/\/folhaminasgerais.com.br\/index.php\/wp-json\/wp\/v2\/tags?post=1874"}],"curies":[{"name":"wp","href":"https:\/\/api.w.org\/{rel}","templated":true}]}}