{"id":1890,"date":"2024-09-02T10:42:02","date_gmt":"2024-09-02T13:42:02","guid":{"rendered":"http:\/\/folhaminasgerais.com.br\/?p=1890"},"modified":"2024-09-02T11:03:43","modified_gmt":"2024-09-02T14:03:43","slug":"verbo-reconhecer-guia-a-programacao-da-9a-edicao-do-festival-verbo-gentileza-nos-dias-7-e-8-de-setembro","status":"publish","type":"post","link":"http:\/\/folhaminasgerais.com.br\/index.php\/2024\/09\/02\/verbo-reconhecer-guia-a-programacao-da-9a-edicao-do-festival-verbo-gentileza-nos-dias-7-e-8-de-setembro\/","title":{"rendered":"Verbo \u201creconhecer\u201d guia a programa\u00e7\u00e3o da 9\u00aa edi\u00e7\u00e3o do Festival Verbo Gentileza,  nos dias 7 e 8 de setembro"},"content":{"rendered":"<p dir=\"ltr\"><strong>Verbo Gentileza &#8211; Foto Lucas Hallel.<\/strong><\/p>\n<p dir=\"ltr\" style=\"text-align: center;\"><em><strong>Ocupando mais uma vez a Pra\u00e7a Floriano Peixoto,\u00a0 evento celebra a pot\u00eancia feminina<\/strong><\/em><\/p>\n<p>&nbsp;<\/p>\n<p dir=\"ltr\">Reconhecer &#8211; este \u00e9 o verbo que conduz a programa\u00e7\u00e3o da 9\u00aa edi\u00e7\u00e3o do\u00a0Festival Verbo Gentileza, nos dias\u00a07 e 8 de setembro. Em 2024, o festival foca na pot\u00eancia feminina, com a ocupa\u00e7\u00e3o urbana \u00fanica na Pra\u00e7a Floriano Peixoto e j\u00e1 sendo parte importante da agenda cultural de Belo Horizonte. A programa\u00e7\u00e3o \u00e9 gratuita e envolve shows, rodas de conversa, oficinas infantis, interven\u00e7\u00f5es art\u00edsticas, urbanas, entre outras atividades.<\/p>\n<p>&nbsp;<\/p>\n<p dir=\"ltr\">O Minist\u00e9rio da Cultura, o Governo de Minas Gerais e a Cemig apresentam o Festival Verbo Gentileza, realizado atrav\u00e9s da Lei Federal de Incentivo \u00e0 Cultura e da Lei Estadual de Incentivo \u00e0 Cultura de Minas Gerais. O Festival conta tamb\u00e9m com o patroc\u00ednio do Instituto Unimed-BH e apoio da Do Brasil. Produ\u00e7\u00e3o: Fina Fazedoria.<\/p>\n<p>&nbsp;<\/p>\n<p dir=\"ltr\">\u201cDedicar um ano ao potencial feminino \u00e9 uma forma poderosa de reconhecer e valorizar as conquistas das mulheres. \u00c9 uma oportunidade para inspirar novas gera\u00e7\u00f5es, promover a igualdade de g\u00eanero e destacar a import\u00e2ncia da diversidade. Al\u00e9m disso, essa iniciativa pode impulsionar a cria\u00e7\u00e3o de um ambiente mais justo e inclusivo\u201d, conta Patr\u00edcia Tavares, idealizadora do projeto.<\/p>\n<p>&nbsp;<\/p>\n<p dir=\"ltr\">O p\u00fablico ter\u00e1 a oportunidade de se engajar em atividades espalhadas por toda a pra\u00e7a, seja na Alameda Cemig, na rua lateral, nos quiosques, na pra\u00e7a central ou com o Palco Instituto Unimed BH. Nos gramados, ser\u00e1 poss\u00edvel contemplar o dia com o apoio de grandes toalh\u00f5es dispostos na grama, onde tamb\u00e9m ocorre o Piquenique, com programa\u00e7\u00e3o dedicada a oficinas infantis e performances.<\/p>\n<p>&nbsp;<\/p>\n<p dir=\"ltr\">Muita m\u00fasica, interven\u00e7\u00f5es art\u00edsticas, instala\u00e7\u00f5es e rodas de conversa\u00a0 complementam a programa\u00e7\u00e3o que apresenta um time de mulheres incr\u00edveis, com destaque para a colabora\u00e7\u00e3o especial entre Fernanda Takai e Coral.<\/p>\n<p dir=\"ltr\">Seguindo as premissas da Agenda 2030 e os 17 objetivos de desenvolvimento sustent\u00e1vel, o evento convida a comunidade a reconhecer suas pot\u00eancias para criar um novo futuro poss\u00edvel, mais justo, consciente e gentil. A proposta \u00e9 promover maior integra\u00e7\u00e3o entre os indiv\u00edduos, a reflex\u00e3o e o di\u00e1logo para a mudan\u00e7a de h\u00e1bitos. Um momento de contempla\u00e7\u00e3o, de pausa na rotina, para reconhecer.<\/p>\n<p>&nbsp;<\/p>\n<p dir=\"ltr\">Desde 2020, o festival adotou um formato h\u00edbrido, transmitindo todo o seu conte\u00fado ao vivo e online, simultaneamente \u00e0 realiza\u00e7\u00e3o presencial. Neste ano, o modelo continua com transmiss\u00f5es pelo canal Verbo Gentileza no Youtube.<\/p>\n<p>&nbsp;<\/p>\n<p dir=\"ltr\">POT\u00caNCIA FEMININA<\/p>\n<p dir=\"ltr\">Desde sua cria\u00e7\u00e3o em 2016, o projeto Verbo Gentileza tem sido conduzido por mulheres. Idealizado por Patr\u00edcia Tavares e co-criado por Fina Nicolai, a pot\u00eancia feminina sempre esteve presente. Ao longo dos anos, essa presen\u00e7a se fortaleceu, e nesta 9\u00aa edi\u00e7\u00e3o, tanto a equipe de produ\u00e7\u00e3o quanto a programa\u00e7\u00e3o s\u00e3o compostas e concebidas por mulheres.<\/p>\n<p>&nbsp;<\/p>\n<p dir=\"ltr\">O Festival conta com diversas iniciativas colaborativas de propostas femininas. Entre elas est\u00e1 a collab com a Chica,\u00a0 mostra de economia criativa que valoriza empreendedoras locais, que acontecer\u00e1 na Casa Floreana, localizada de frente para a Pra\u00e7a. No local, haver\u00e1 tamb\u00e9m uma collab entre a Cervejaria Vinil e a Proa, assinada pela mestre cervejeira D\u00e9bora Lehnen, que criou um estilo novo especialmente para o Festival, com variantes que celebram a pot\u00eancia feminina.<\/p>\n<p>&nbsp;<\/p>\n<p dir=\"ltr\">Na curadoria de interven\u00e7\u00f5es art\u00edsticas, o festival estabelece parceria com o Elas Festival e com o Sonora Festival, na produ\u00e7\u00e3o com Mulheres na Produ\u00e7\u00e3o. E com o projeto Artif\u00edcio promove resid\u00eancia formativa na \u00e1rea de produ\u00e7\u00e3o de eventos. No Quintal de Alimenta\u00e7\u00e3o, cinco chefs mulheres preparam pratos ao vivo, conectando a comunidade por meio da gastronomia, sob a premissas do \u201cslow food\u201d.<\/p>\n<p>&nbsp;<\/p>\n<p dir=\"ltr\">SUSTENTABILIDADE<\/p>\n<p dir=\"ltr\">O Verbo Gentileza foi concebido com o objetivo de melhorar a qualidade de vida das pessoas nos grandes centros urbanos, o que est\u00e1 diretamente relacionado \u00e0 urg\u00eancia de alcan\u00e7ar comunidades sustent\u00e1veis. Em sintonia com toda a proposta, e com apoio das premissas de sustentabilidade da Cemig, o festival \u00e9\u00a0carbono zero, em parceria com a Abundance Brasil.<\/p>\n<p>&nbsp;<\/p>\n<p dir=\"ltr\">Reconhecer que \u00e9 preciso reduzir o consumo tamb\u00e9m \u00e9 um guia do festival. No Brech\u00f3 Gentileza, localizado na Casa Floreana, sob curadoria de Ana Lima do Futurista Brech\u00f3, al\u00e9m do p\u00fablico adquirir itens gentilmente usados, ser\u00e1 poss\u00edvel realizar a doa\u00e7\u00e3o de pe\u00e7as para aquisi\u00e7\u00e3o de vouchers de consumo. No caso de doa\u00e7\u00e3o, os itens ser\u00e3o avaliados na hora e, ap\u00f3s a triagem, poder\u00e3o gerar vouchers para utiliza\u00e7\u00e3o no pr\u00f3prio brech\u00f3.<\/p>\n<p>&nbsp;<\/p>\n<p dir=\"ltr\">O Programa de Efici\u00eancia Energ\u00e9tica da Cemig tamb\u00e9m faz parte da programa\u00e7\u00e3o. Com objetivo conscientizar a sociedade sobre a import\u00e2ncia do uso seguro e eficiente da energia el\u00e9trica, nos dois dias de evento, o programa vai substituir as l\u00e2mpadas de alto consumo por outras de LED &#8211; que tem durabilidade superior e maior efici\u00eancia. Para isso, o participante deve levar at\u00e9 duas l\u00e2mpadas comuns, inclusive queimadas.<\/p>\n<p>&nbsp;<\/p>\n<p dir=\"ltr\">INSTALA\u00c7\u00d5ES<\/p>\n<p dir=\"ltr\">Para dar mais luz ao festival, a instala\u00e7\u00e3o \u201cReconhecer o feminino\u201d, que integra a Alameda Cemig, d\u00e1 destaque ao verbo do ano. Em parceria com o coletivo Minas de Minas Crew, uma interven\u00e7\u00e3o art\u00edstica finaliza uma obra a partir de uma live painting. Ser\u00e1 uma interven\u00e7\u00e3o em grande escala, de tr\u00eas metros, quando o coletivo atua em tempo real e o p\u00fablico pode interagir e fotografar.<\/p>\n<p dir=\"ltr\">Tamb\u00e9m nesse espa\u00e7o, haver\u00e1 um box interativo, no qual cada um ter\u00e1 a oportunidade de gravar e filmar suas palavras inspiradoras relacionadas ao verbo &#8220;Reconhecer&#8221;, que pauta o festival. As grava\u00e7\u00f5es ser\u00e3o transformadas em um \u00e1udio editado e disponibilizado na p\u00e1gina do podcast &#8220;Fala Verbo Gentileza&#8221;. E ao final, ser\u00e1 produzido um v\u00eddeo especial com as pessoas compartilhando suas frases, celebrando a gentileza de uma maneira \u00fanica e coletiva.<\/p>\n<p>&nbsp;<\/p>\n<p dir=\"ltr\">O Portal Verbo Gentileza recebe mais uma vez o p\u00fablico e \u00e9 marca registrada do festival, levando suas fitas coloridas, sonoridades e acessibilidade. Uma instala\u00e7\u00e3o sensorial para todos, com audiodescri\u00e7\u00e3o, permitindo que pessoas com defici\u00eancia visual tamb\u00e9m desfrutem dessa experi\u00eancia. A instala\u00e7\u00e3o representa uma suave transi\u00e7\u00e3o da rotina efervescente da cidade para momentos de relaxamento, cuidado e reconex\u00e3o. A composi\u00e7\u00e3o \u00e9 feita tamb\u00e9m por frases criadas pelo p\u00fablico e escolhidas por meio de uma vota\u00e7\u00e3o virtual. As dez mais votadas integram-se \u00e0s cores das fitas.<\/p>\n<p dir=\"ltr\">VERBO GENTILEZA<\/p>\n<p dir=\"ltr\">O projeto Verbo Gentileza surgiu em 2016, em Belo Horizonte, com o objetivo de ser uma plataforma de a\u00e7\u00f5es individuais e coletivas,\u00a0on\u00a0e\u00a0off-line. E engajar \u2013 por meio da cultura, da educa\u00e7\u00e3o e de a\u00e7\u00f5es de conscientiza\u00e7\u00e3o \u2013 as pessoas a buscar solu\u00e7\u00f5es mais inteligentes, compartilhadas e sustent\u00e1veis, para melhorar a vida nos grandes centros urbanos.<\/p>\n<p>CEMIG: A ENERGIA DA CULTURA<br \/>\nComo a maior incentivadora da cultura em Minas Gerais, a Cemig segue investindo e apoiando as diferentes produ\u00e7\u00f5es art\u00edsticas existentes nas v\u00e1rias regi\u00f5es do estado. Afinal, fortalecer e impulsionar o setor cultural mineiro \u00e9 um compromisso da Companhia, refletindo seu prop\u00f3sito de transformar vidas com energia.<\/p>\n<p dir=\"ltr\">Ao abra\u00e7ar a cultura em toda a sua diversidade, a Cemig potencializa, ao mesmo tempo que preserva, a mem\u00f3ria e a identidade do povo mineiro. Assim, os projetos incentivados pela empresa trazem na ess\u00eancia a import\u00e2ncia da tradi\u00e7\u00e3o e do resgate da hist\u00f3ria, sem, contudo, deixar de lado a presen\u00e7a da inova\u00e7\u00e3o.<\/p>\n<p dir=\"ltr\">Apoiar iniciativas como essa refor\u00e7a a atua\u00e7\u00e3o da Cemig em ampliar, no estado, o acesso \u00e0s pr\u00e1ticas culturais e em buscar uma maior democratiza\u00e7\u00e3o dos seus incentivos.<\/p>\n<p dir=\"ltr\">SOBRE O INSTITUTO UNIMED-BH<\/p>\n<p dir=\"ltr\">\u00a0O Instituto Unimed-BH completou 20 anos em 2023. A associa\u00e7\u00e3o sem fins lucrativos foi criada em 2003 e, desde ent\u00e3o, desenvolve projetos socioculturais e socioambientais visando \u00e0 forma\u00e7\u00e3o da cidadania, estimulando o bem-estar e a qualidade de vida das pessoas, fomentando a economia criativa, valorizando espa\u00e7os p\u00fablicos e o meio ambiente. Ao longo de sua hist\u00f3ria, o Instituto destinou cerca de R$ 190 milh\u00f5es por meio das leis de incentivo municipal e federal, fundos do idoso e da crian\u00e7a e do adolescente, com o apoio de mais de 5,6 mil m\u00e9dicos cooperados e colaboradores da Unimed-BH.\u00a0Em 2023, mais de 20 mil postos de trabalho foram gerados e 2 milh\u00f5es de pessoas foram alcan\u00e7adas\u00a0por meio de projetos em cinco linhas de atua\u00e7\u00e3o: Comunidade, Voluntariado, Meio Ambiente, Ado\u00e7\u00e3o de Espa\u00e7os P\u00fablicos e Cultura, que est\u00e3o alinhados aos Objetivos de Desenvolvimento Sustent\u00e1vel da Agenda 2030.<\/p>\n<p dir=\"ltr\">SERVI\u00c7O<\/p>\n<p dir=\"ltr\">Festival Verbo Gentileza 2024<\/p>\n<p dir=\"ltr\">Dia 7 e 8 de setembro<\/p>\n<p dir=\"ltr\">Hor\u00e1rio:\u00a09h \u00e0s 22h<\/p>\n<p dir=\"ltr\">Local:\u00a0Pra\u00e7a Floriano Peixoto* &#8211; Belo Horizonte (MG)<\/p>\n<p dir=\"ltr\">Feira Chica, Brech\u00f3 Gentileza e mostra de economia criativa:\u00a0Casa Floreana<\/p>\n<p dir=\"ltr\">Av do Contorno, 3293 &#8211;\u00a0 Santa Efig\u00eania, Belo Horizonte<\/p>\n<p>&nbsp;<\/p>\n<p dir=\"ltr\">Mais informa\u00e7\u00f5es:\u00a0<a href=\"http:\/\/www.verbogentileza.com.br\/\" target=\"_blank\" rel=\"noopener\" data-saferedirecturl=\"https:\/\/www.google.com\/url?q=http:\/\/www.verbogentileza.com.br&amp;source=gmail&amp;ust=1725370380321000&amp;usg=AOvVaw3VpEyAXjZ8sM4KOTXvo8mQ\">www.verbogentileza.com.br<\/a><br \/>\n<a href=\"https:\/\/www.instagram.com\/verbogentileza_\/\" target=\"_blank\" rel=\"noopener\" data-saferedirecturl=\"https:\/\/www.google.com\/url?q=https:\/\/www.instagram.com\/verbogentileza_\/&amp;source=gmail&amp;ust=1725370380321000&amp;usg=AOvVaw0MwCPGBIrgfLy8hpqL5QL9\">https:\/\/www.instagram.com\/<wbr \/>verbogentileza_\/<\/a><\/p>\n<p dir=\"ltr\"><a href=\"https:\/\/www.youtube.com\/@verbogentileza\" target=\"_blank\" rel=\"noopener\" data-saferedirecturl=\"https:\/\/www.google.com\/url?q=https:\/\/www.youtube.com\/@verbogentileza&amp;source=gmail&amp;ust=1725370380321000&amp;usg=AOvVaw0Q2Uh1k6qk8y5OXyIXohPs\">https:\/\/www.youtube.com\/@<wbr \/>verbogentileza<\/a><\/p>\n","protected":false},"excerpt":{"rendered":"<p>Verbo Gentileza &#8211; Foto Lucas Hallel. Ocupando mais uma vez a Pra\u00e7a Floriano Peixoto,\u00a0 evento celebra a pot\u00eancia feminina &nbsp; Reconhecer &#8211; este \u00e9 o verbo que conduz a programa\u00e7\u00e3o da 9\u00aa edi\u00e7\u00e3o do\u00a0Festival Verbo Gentileza, nos dias\u00a07 e 8 de setembro. Em 2024, o festival foca na pot\u00eancia feminina, com a ocupa\u00e7\u00e3o urbana \u00fanica [&hellip;]<\/p>\n","protected":false},"author":3,"featured_media":1891,"comment_status":"open","ping_status":"open","sticky":true,"template":"","format":"standard","meta":[],"categories":[161,171,165],"tags":[300,305,296,303,294,298,299,295,302,297,301,304,293],"_links":{"self":[{"href":"http:\/\/folhaminasgerais.com.br\/index.php\/wp-json\/wp\/v2\/posts\/1890"}],"collection":[{"href":"http:\/\/folhaminasgerais.com.br\/index.php\/wp-json\/wp\/v2\/posts"}],"about":[{"href":"http:\/\/folhaminasgerais.com.br\/index.php\/wp-json\/wp\/v2\/types\/post"}],"author":[{"embeddable":true,"href":"http:\/\/folhaminasgerais.com.br\/index.php\/wp-json\/wp\/v2\/users\/3"}],"replies":[{"embeddable":true,"href":"http:\/\/folhaminasgerais.com.br\/index.php\/wp-json\/wp\/v2\/comments?post=1890"}],"version-history":[{"count":2,"href":"http:\/\/folhaminasgerais.com.br\/index.php\/wp-json\/wp\/v2\/posts\/1890\/revisions"}],"predecessor-version":[{"id":1893,"href":"http:\/\/folhaminasgerais.com.br\/index.php\/wp-json\/wp\/v2\/posts\/1890\/revisions\/1893"}],"wp:featuredmedia":[{"embeddable":true,"href":"http:\/\/folhaminasgerais.com.br\/index.php\/wp-json\/wp\/v2\/media\/1891"}],"wp:attachment":[{"href":"http:\/\/folhaminasgerais.com.br\/index.php\/wp-json\/wp\/v2\/media?parent=1890"}],"wp:term":[{"taxonomy":"category","embeddable":true,"href":"http:\/\/folhaminasgerais.com.br\/index.php\/wp-json\/wp\/v2\/categories?post=1890"},{"taxonomy":"post_tag","embeddable":true,"href":"http:\/\/folhaminasgerais.com.br\/index.php\/wp-json\/wp\/v2\/tags?post=1890"}],"curies":[{"name":"wp","href":"https:\/\/api.w.org\/{rel}","templated":true}]}}