{"id":1959,"date":"2024-11-21T11:53:57","date_gmt":"2024-11-21T14:53:57","guid":{"rendered":"http:\/\/folhaminasgerais.com.br\/?p=1959"},"modified":"2024-11-21T11:56:57","modified_gmt":"2024-11-21T14:56:57","slug":"tendencias-de-depilacao-para-o-verao-2025-saiba-como-ficar-com-a-pele-linda-e-saudavel-na-estacao","status":"publish","type":"post","link":"http:\/\/folhaminasgerais.com.br\/index.php\/2024\/11\/21\/tendencias-de-depilacao-para-o-verao-2025-saiba-como-ficar-com-a-pele-linda-e-saudavel-na-estacao\/","title":{"rendered":"Tend\u00eancias de depila\u00e7\u00e3o para o ver\u00e3o 2025: saiba como ficar com a pele linda e saud\u00e1vel na esta\u00e7\u00e3o"},"content":{"rendered":"<p style=\"text-align: center;\"><strong><em>Especialista em depila\u00e7\u00e3o e franqueada da Depyl Action revela as melhores t\u00e9cnicas e cuidados para manter a sa\u00fade da pele<\/em><\/strong><\/p>\n<p>A temporada mais quente do ano traz consigo n\u00e3o s\u00f3 o desejo de aproveitar o sol e o mar, mas tamb\u00e9m a necessidade de adotar t\u00e9cnicas de depila\u00e7\u00e3o que sejam eficientes, duradouras e menos agressivas \u00e0 pele. Segundo Renata Goulart, franqueada da Depyl Action Santo Ant\u00f4nio e especialista em depila\u00e7\u00e3o, as t\u00e9cnicas mais procuradas para o ver\u00e3o 2025 incluem a cl\u00e1ssica depila\u00e7\u00e3o com cera morna, a depila\u00e7\u00e3o a laser e a depila\u00e7\u00e3o com linha, a famosa \u201ceg\u00edpcia\u201d. Segundo Renata Goulart, cada uma dessas op\u00e7\u00f5es atende a diferentes tipos de pele e necessidades, al\u00e9m de oferecer benef\u00edcios espec\u00edficos para manter a pele saud\u00e1vel e bem cuidada.<\/p>\n<p>Principais m\u00e9todos de depila\u00e7\u00e3o e seus benef\u00edcios<\/p>\n<p>Com o avan\u00e7o das t\u00e9cnicas e a crescente conscientiza\u00e7\u00e3o sobre os cuidados com a pele, muitos m\u00e9todos de depila\u00e7\u00e3o surgem, viram tend\u00eancias, mas logo desaparecem. J\u00e1 a cera morna se destaca e permanece popular gra\u00e7as aos benef\u00edcios que oferece. \u201cA cera morna \u00e9 uma excelente escolha para quem busca uma solu\u00e7\u00e3o pr\u00e1tica e de longa dura\u00e7\u00e3o. Ela remove os pelos desde a raiz e ajuda a retardar o crescimento, o que \u00e9 ideal para manter a pele lisa por mais tempo durante as f\u00e9rias de ver\u00e3o\u201d, explica Renata Goulart.<\/p>\n<p>J\u00e1 a depila\u00e7\u00e3o a laser \u00e9 indicada para quem deseja uma solu\u00e7\u00e3o mais duradoura e at\u00e9 mesmo definitiva. O laser age diretamente no fol\u00edculo piloso, diminuindo significativamente a quantidade de pelos nas \u00e1reas tratadas. \u201cEsse m\u00e9todo \u00e9 muito procurado principalmente por quem quer praticidade e menos preocupa\u00e7\u00f5es com a depila\u00e7\u00e3o\u201d ressalta a franqueada da Depyl Action. No entanto, a especialista afirma que \u00e9 importante lembrar que ele requer uma s\u00e9rie de sess\u00f5es e alguns cuidados com a exposi\u00e7\u00e3o solar.<\/p>\n<p>A depila\u00e7\u00e3o com linha, por sua vez, \u00e9 uma t\u00e9cnica menos agressiva para \u00e1reas mais delicadas, como o rosto, pois remove os pelos sem agredir a pele. \u201cEssa t\u00e9cnica \u00e9 ideal para pessoas com pele sens\u00edvel, e como n\u00e3o envolve produtos qu\u00edmicos, \u00e9 uma op\u00e7\u00e3o que gera menos irrita\u00e7\u00e3o\u201d, comenta Renata Goulart.<\/p>\n<p>Como cuidar da pele no p\u00f3s-depila\u00e7\u00e3o<\/p>\n<p>Independentemente do m\u00e9todo escolhido, os cuidados com a pele ap\u00f3s a depila\u00e7\u00e3o s\u00e3o essenciais para evitar irrita\u00e7\u00f5es e garantir uma pele saud\u00e1vel. Renata Goulart explica que uma rotina de cuidados no p\u00f3s-depilat\u00f3rio pode fazer toda a diferen\u00e7a na qualidade da pele, especialmente durante o ver\u00e3o, quando ela fica mais exposta ao sol e outros agentes externos. \u201c\u00c9 recomend\u00e1vel evitar exposi\u00e7\u00e3o ao sol nas primeiras 48 horas ap\u00f3s a depila\u00e7\u00e3o e usar sempre um hidratante suave e calmante\u201d, orienta.<\/p>\n<p>5 Dicas para cuidar da pele ap\u00f3s a depila\u00e7\u00e3o:<\/p>\n<p>Evite o sol nas primeiras 48 horas: Isso ajuda a prevenir manchas e queimaduras na pele rec\u00e9m-depilada.<\/p>\n<p>Hidrate com produtos calmantes: Produtos com aloe vera ou camomila s\u00e3o ideais para acalmar a pele e reduzir poss\u00edveis vermelhid\u00f5es.<\/p>\n<p>Esfolie suavemente: Ap\u00f3s 3 dias da depila\u00e7\u00e3o, esfolie a pele para evitar o surgimento de pelos encravados.<\/p>\n<p>Evite roupas apertadas: Tecidos que causam atrito podem irritar a pele e aumentar o desconforto.<\/p>\n<p>Use protetor solar diariamente: Especialmente ap\u00f3s a depila\u00e7\u00e3o a laser, \u00e9 essencial proteger a pele para evitar manchas e danos.<\/p>\n<p>Essas dicas e os m\u00e9todos de depila\u00e7\u00e3o oferecidos pela Depyl Action s\u00e3o ideais para manter a pele linda, saud\u00e1vel e pronta para aproveitar o ver\u00e3o com confian\u00e7a e seguran\u00e7a.<\/p>\n<p>Conhe\u00e7a a Depyl Action &#8211; Santo Ant\u00f4nio<\/p>\n<p>Endere\u00e7o: Av. Prudente de Morais, 1165 &#8211; Santo Ant\u00f4nio, Belo Horizonte<\/p>\n<p>Contato: (31) 3516-4400 (31) 98388-5793<\/p>\n<p>@depylaction_bhsantoantonio<\/p>\n<p>&nbsp;<\/p>\n<p>Fonte: Renata Goulart, Franqueada da Depyl Action Santo Ant\u00f4nio, especialista em depila\u00e7\u00e3o.<\/p>\n<p>&nbsp;<\/p>\n<p>&nbsp;<\/p>\n<p>Foto: Acervo Pessoal | Divulga\u00e7\u00e3o<\/p>\n","protected":false},"excerpt":{"rendered":"<p>Especialista em depila\u00e7\u00e3o e franqueada da Depyl Action revela as melhores t\u00e9cnicas e cuidados para manter a sa\u00fade da pele A temporada mais quente do ano traz consigo n\u00e3o s\u00f3 o desejo de aproveitar o sol e o mar, mas tamb\u00e9m a necessidade de adotar t\u00e9cnicas de depila\u00e7\u00e3o que sejam eficientes, duradouras e menos agressivas [&hellip;]<\/p>\n","protected":false},"author":3,"featured_media":1960,"comment_status":"open","ping_status":"open","sticky":true,"template":"","format":"standard","meta":[],"categories":[171,46],"tags":[315],"_links":{"self":[{"href":"http:\/\/folhaminasgerais.com.br\/index.php\/wp-json\/wp\/v2\/posts\/1959"}],"collection":[{"href":"http:\/\/folhaminasgerais.com.br\/index.php\/wp-json\/wp\/v2\/posts"}],"about":[{"href":"http:\/\/folhaminasgerais.com.br\/index.php\/wp-json\/wp\/v2\/types\/post"}],"author":[{"embeddable":true,"href":"http:\/\/folhaminasgerais.com.br\/index.php\/wp-json\/wp\/v2\/users\/3"}],"replies":[{"embeddable":true,"href":"http:\/\/folhaminasgerais.com.br\/index.php\/wp-json\/wp\/v2\/comments?post=1959"}],"version-history":[{"count":1,"href":"http:\/\/folhaminasgerais.com.br\/index.php\/wp-json\/wp\/v2\/posts\/1959\/revisions"}],"predecessor-version":[{"id":1961,"href":"http:\/\/folhaminasgerais.com.br\/index.php\/wp-json\/wp\/v2\/posts\/1959\/revisions\/1961"}],"wp:featuredmedia":[{"embeddable":true,"href":"http:\/\/folhaminasgerais.com.br\/index.php\/wp-json\/wp\/v2\/media\/1960"}],"wp:attachment":[{"href":"http:\/\/folhaminasgerais.com.br\/index.php\/wp-json\/wp\/v2\/media?parent=1959"}],"wp:term":[{"taxonomy":"category","embeddable":true,"href":"http:\/\/folhaminasgerais.com.br\/index.php\/wp-json\/wp\/v2\/categories?post=1959"},{"taxonomy":"post_tag","embeddable":true,"href":"http:\/\/folhaminasgerais.com.br\/index.php\/wp-json\/wp\/v2\/tags?post=1959"}],"curies":[{"name":"wp","href":"https:\/\/api.w.org\/{rel}","templated":true}]}}