{"id":2077,"date":"2025-05-10T08:54:51","date_gmt":"2025-05-10T11:54:51","guid":{"rendered":"http:\/\/folhaminasgerais.com.br\/?p=2077"},"modified":"2025-05-10T08:56:34","modified_gmt":"2025-05-10T11:56:34","slug":"prefeitos-multados-por-comunicacao-falha-em-congresso-da-amm","status":"publish","type":"post","link":"http:\/\/folhaminasgerais.com.br\/index.php\/2025\/05\/10\/prefeitos-multados-por-comunicacao-falha-em-congresso-da-amm\/","title":{"rendered":"Prefeitos \u201cmultados\u201d por comunica\u00e7\u00e3o falha em Congresso da AMM"},"content":{"rendered":"<p><strong>Cr\u00e9dito: Valois Studio.<\/strong><\/p>\n<p style=\"text-align: center;\"><strong><em>Em a\u00e7\u00e3o criativa da Deja, ativa\u00e7\u00e3o alerta gestores para os riscos de negligenciar a comunica\u00e7\u00e3o p\u00fablica e convida a repensar estrat\u00e9gias<\/em><\/strong><\/p>\n<p>Durante o 40\u00ba Congresso Mineiro de Munic\u00edpios, realizado no Expominas, em Belo Horizonte, uma a\u00e7\u00e3o inusitada chamou a aten\u00e7\u00e3o de prefeitos, gestores e assessores que participavam do evento. Ao retornarem aos seus ve\u00edculos, muitos encontraram uma \u201cmulta\u201d colocada nos para-brisas. Mas, em vez de infra\u00e7\u00f5es de tr\u00e2nsito, o aviso denunciava outro tipo de falha: a neglig\u00eancia na comunica\u00e7\u00e3o p\u00fablica.<\/p>\n<p>A respons\u00e1vel pela a\u00e7\u00e3o foi a Deja Estrat\u00e9gia, empresa especializada em marketing pol\u00edtico e comunica\u00e7\u00e3o governamental. A ativa\u00e7\u00e3o criativa visava provocar uma reflex\u00e3o sobre os principais erros cometidos por prefeituras na hora de se comunicar com a popula\u00e7\u00e3o. A \u201cinfra\u00e7\u00e3o\u201d descrita no material era clara: \u201cPrefeito flagrado com comunica\u00e7\u00e3o mal posicionada e sem estrat\u00e9gia\u201d.<\/p>\n<p>A pe\u00e7a listava as consequ\u00eancias desse erro, como popula\u00e7\u00e3o desinformada, press\u00e3o por resultados e falta de visibilidade para a gest\u00e3o. A proposta da Deja, no entanto, ia al\u00e9m da cr\u00edtica: oferecia tamb\u00e9m uma solu\u00e7\u00e3o. Por meio de um QR Code, os prefeitos eram convidados a realizar um teste gratuito para avaliar o n\u00edvel de maturidade e efetividade da comunica\u00e7\u00e3o de seus mandatos.<\/p>\n<p>De acordo com Rodrigo Bueno, estrategista pol\u00edtico e diretor da Deja, a campanha refor\u00e7a um ponto central para a empresa: uma boa gest\u00e3o precisa estar acompanhada de uma comunica\u00e7\u00e3o clara, estrat\u00e9gica e conectada com os cidad\u00e3os. \u201cEm um contexto de alta exposi\u00e7\u00e3o nas redes sociais e crescente cobran\u00e7a por resultados, prefeitos que n\u00e3o conseguem se posicionar acabam perdendo espa\u00e7o \u2014 mesmo quando entregam bons projetos. A ideia da multa foi criar um momento de impacto leve, mas que deixasse um recado forte: n\u00e3o d\u00e1 mais para administrar como se fosse 2010. Se o prefeito n\u00e3o est\u00e1 nas redes, se n\u00e3o constr\u00f3i um discurso coerente e pr\u00f3ximo das pessoas, ele j\u00e1 est\u00e1 perdendo\u201d, explica.<\/p>\n<p>A repercuss\u00e3o da a\u00e7\u00e3o foi positiva entre os participantes do congresso. Muitos prefeitos procuraram o estande da Deja para saber mais sobre como transformar sua comunica\u00e7\u00e3o em uma ferramenta de conex\u00e3o e resultado. A abordagem criativa gerou curiosidade, abriu portas para novos di\u00e1logos e mostrou, na pr\u00e1tica, o poder de uma comunica\u00e7\u00e3o bem pensada.<\/p>\n<p>O especialista refor\u00e7a que, para uma nova gera\u00e7\u00e3o de gestores, a comunica\u00e7\u00e3o j\u00e1 n\u00e3o \u00e9 mais apenas uma \u201cobriga\u00e7\u00e3o institucional\u201d. \u201c\u00c9 um dos pilares da reputa\u00e7\u00e3o p\u00fablica e tamb\u00e9m uma das chaves para garantir apoio, engajamento e legado. E o que queremos sempre mostrar \u00e9 que quem comunica bem governa melhor\u201d, finaliza.<\/p>\n","protected":false},"excerpt":{"rendered":"<p>Cr\u00e9dito: Valois Studio. Em a\u00e7\u00e3o criativa da Deja, ativa\u00e7\u00e3o alerta gestores para os riscos de negligenciar a comunica\u00e7\u00e3o p\u00fablica e convida a repensar estrat\u00e9gias Durante o 40\u00ba Congresso Mineiro de Munic\u00edpios, realizado no Expominas, em Belo Horizonte, uma a\u00e7\u00e3o inusitada chamou a aten\u00e7\u00e3o de prefeitos, gestores e assessores que participavam do evento. Ao retornarem aos [&hellip;]<\/p>\n","protected":false},"author":3,"featured_media":2078,"comment_status":"open","ping_status":"open","sticky":true,"template":"","format":"standard","meta":[],"categories":[171,165],"tags":[],"_links":{"self":[{"href":"http:\/\/folhaminasgerais.com.br\/index.php\/wp-json\/wp\/v2\/posts\/2077"}],"collection":[{"href":"http:\/\/folhaminasgerais.com.br\/index.php\/wp-json\/wp\/v2\/posts"}],"about":[{"href":"http:\/\/folhaminasgerais.com.br\/index.php\/wp-json\/wp\/v2\/types\/post"}],"author":[{"embeddable":true,"href":"http:\/\/folhaminasgerais.com.br\/index.php\/wp-json\/wp\/v2\/users\/3"}],"replies":[{"embeddable":true,"href":"http:\/\/folhaminasgerais.com.br\/index.php\/wp-json\/wp\/v2\/comments?post=2077"}],"version-history":[{"count":1,"href":"http:\/\/folhaminasgerais.com.br\/index.php\/wp-json\/wp\/v2\/posts\/2077\/revisions"}],"predecessor-version":[{"id":2079,"href":"http:\/\/folhaminasgerais.com.br\/index.php\/wp-json\/wp\/v2\/posts\/2077\/revisions\/2079"}],"wp:featuredmedia":[{"embeddable":true,"href":"http:\/\/folhaminasgerais.com.br\/index.php\/wp-json\/wp\/v2\/media\/2078"}],"wp:attachment":[{"href":"http:\/\/folhaminasgerais.com.br\/index.php\/wp-json\/wp\/v2\/media?parent=2077"}],"wp:term":[{"taxonomy":"category","embeddable":true,"href":"http:\/\/folhaminasgerais.com.br\/index.php\/wp-json\/wp\/v2\/categories?post=2077"},{"taxonomy":"post_tag","embeddable":true,"href":"http:\/\/folhaminasgerais.com.br\/index.php\/wp-json\/wp\/v2\/tags?post=2077"}],"curies":[{"name":"wp","href":"https:\/\/api.w.org\/{rel}","templated":true}]}}