{"id":2094,"date":"2025-05-26T14:47:40","date_gmt":"2025-05-26T17:47:40","guid":{"rendered":"http:\/\/folhaminasgerais.com.br\/?p=2094"},"modified":"2025-05-26T14:48:33","modified_gmt":"2025-05-26T17:48:33","slug":"estilo-de-minas-concert-uma-noite-de-jazz-em-diamantina","status":"publish","type":"post","link":"http:\/\/folhaminasgerais.com.br\/index.php\/2025\/05\/26\/estilo-de-minas-concert-uma-noite-de-jazz-em-diamantina\/","title":{"rendered":"Estilo de Minas Concert: Uma noite de jazz em Diamantina"},"content":{"rendered":"<p dir=\"ltr\" style=\"text-align: left;\">Emoldurada pelas montanhas de Minas Gerais, Diamantina encanta com suas ladeiras de pedra, casar\u00f5es coloniais e um passado vibrante que mistura arte, m\u00fasica e tradi\u00e7\u00e3o. Patrim\u00f4nio Cultural da Humanidade, a cidade pulsa hist\u00f3ria em cada esquina, e agora, ganha mais um motivo para ser visitada: o\u00a0Estilo de Minas Concert, uma noite de jazz cuidadosamente criada para quem busca mergulhar na atmosfera \u00fanica diamantina.<\/p>\n<p dir=\"ltr\" style=\"text-align: left;\">A proposta \u00e9 simples e encantadora: transformar as noites no tradicional Hotel Estilo de Minas em um momento de pausa, aprecia\u00e7\u00e3o e encantamento.As apresenta\u00e7\u00f5es acontecem preferencialmente nas v\u00e9speras de datas especiais, como a famosa Vesperata, e j\u00e1 conquistaram p\u00fablico fiel. Com um repert\u00f3rio selecionado que transita entre cl\u00e1ssicos do jazz e arranjos autorais, as noites ganham um charme\u00a0 com clima serrano e o aroma irresist\u00edvel da cozinha mineira, que traz releituras criativas sem perder o sabor da tradi\u00e7\u00e3o para os que desejam agradar tamb\u00e9m o paladar.<\/p>\n<p dir=\"ltr\" style=\"text-align: left;\">Em 2025, o\u00a0Estilo de Minas Concert\u00a0ser\u00e1 realizado nos dias 16 e 30 de maio, 13 e 27 de junho, 4 e 11 de julho, 2 e 29 de agosto, 12 e 26 de setembro, al\u00e9m de 3 e 10 de outubro, garantindo uma sequ\u00eancia de encontros inesquec\u00edveis ao longo do ano.<\/p>\n<p dir=\"ltr\" style=\"text-align: left;\">Um convite para desacelerar, brindar \u00e0 vida e se deixar levar pelo ritmo envolvente do jazz, com uma ta\u00e7a de vinho em m\u00e3os e o cora\u00e7\u00e3o aberto para o que Diamantina tem de melhor: cultura, afeto e autenticidade. Mais informa\u00e7\u00f5es e reservas em: @hotelestilodeminasoficial<\/p>\n","protected":false},"excerpt":{"rendered":"<p>Emoldurada pelas montanhas de Minas Gerais, Diamantina encanta com suas ladeiras de pedra, casar\u00f5es coloniais e um passado vibrante que mistura arte, m\u00fasica e tradi\u00e7\u00e3o. Patrim\u00f4nio Cultural da Humanidade, a cidade pulsa hist\u00f3ria em cada esquina, e agora, ganha mais um motivo para ser visitada: o\u00a0Estilo de Minas Concert, uma noite de jazz cuidadosamente criada [&hellip;]<\/p>\n","protected":false},"author":3,"featured_media":2095,"comment_status":"open","ping_status":"open","sticky":true,"template":"","format":"standard","meta":[],"categories":[171,44,165,231],"tags":[],"_links":{"self":[{"href":"http:\/\/folhaminasgerais.com.br\/index.php\/wp-json\/wp\/v2\/posts\/2094"}],"collection":[{"href":"http:\/\/folhaminasgerais.com.br\/index.php\/wp-json\/wp\/v2\/posts"}],"about":[{"href":"http:\/\/folhaminasgerais.com.br\/index.php\/wp-json\/wp\/v2\/types\/post"}],"author":[{"embeddable":true,"href":"http:\/\/folhaminasgerais.com.br\/index.php\/wp-json\/wp\/v2\/users\/3"}],"replies":[{"embeddable":true,"href":"http:\/\/folhaminasgerais.com.br\/index.php\/wp-json\/wp\/v2\/comments?post=2094"}],"version-history":[{"count":1,"href":"http:\/\/folhaminasgerais.com.br\/index.php\/wp-json\/wp\/v2\/posts\/2094\/revisions"}],"predecessor-version":[{"id":2096,"href":"http:\/\/folhaminasgerais.com.br\/index.php\/wp-json\/wp\/v2\/posts\/2094\/revisions\/2096"}],"wp:featuredmedia":[{"embeddable":true,"href":"http:\/\/folhaminasgerais.com.br\/index.php\/wp-json\/wp\/v2\/media\/2095"}],"wp:attachment":[{"href":"http:\/\/folhaminasgerais.com.br\/index.php\/wp-json\/wp\/v2\/media?parent=2094"}],"wp:term":[{"taxonomy":"category","embeddable":true,"href":"http:\/\/folhaminasgerais.com.br\/index.php\/wp-json\/wp\/v2\/categories?post=2094"},{"taxonomy":"post_tag","embeddable":true,"href":"http:\/\/folhaminasgerais.com.br\/index.php\/wp-json\/wp\/v2\/tags?post=2094"}],"curies":[{"name":"wp","href":"https:\/\/api.w.org\/{rel}","templated":true}]}}