{"id":2253,"date":"2026-09-02T08:46:40","date_gmt":"2026-09-02T11:46:40","guid":{"rendered":"http:\/\/folhaminasgerais.com.br\/?p=2253"},"modified":"2026-09-02T08:52:05","modified_gmt":"2026-09-02T11:52:05","slug":"de-bh-as-grandes-turnes-internacionais-camila-moutinho-contribui-para-levar-a-moda-brasileira-aos-palcos-do-mundo","status":"publish","type":"post","link":"http:\/\/folhaminasgerais.com.br\/index.php\/2026\/09\/02\/de-bh-as-grandes-turnes-internacionais-camila-moutinho-contribui-para-levar-a-moda-brasileira-aos-palcos-do-mundo\/","title":{"rendered":"De BH \u00e0s grandes turn\u00eas internacionais, Camila Moutinho contribui para levar a moda brasileira aos palcos do mundo"},"content":{"rendered":"<p style=\"text-align: center;\"><strong><em>Stylist mineira que j\u00e1 trabalhou com Anitta, SZA, Kendrick Lamar e Gisele B\u00fcndchen coordena desenvolvimento de looks de designers brasileiros para Kehlani e acompanha de dentro a<\/em><\/strong><br \/>\n<strong><em>valoriza\u00e7\u00e3o da est\u00e9tica do pa\u00eds no exterior<\/em><\/strong><\/p>\n<p>O Brasil est\u00e1 cada vez mais presente no repert\u00f3rio visual da moda e da cultura pop internacional. Para al\u00e9m das passarelas, marcas e criadores brasileiros chegam aos palcos, videoclipes, campanhas e turn\u00eas de artistas globais. \u00c9 nesse circuito que atua a mineira\u00a0Camila Moutinho, stylist que saiu de Belo Horizonte e hoje trabalha nos bastidores de algumas das maiores produ\u00e7\u00f5es da m\u00fasica internacional.<\/p>\n<p>Um de seus trabalhos recentes ajuda a traduzir esse movimento. Camila coordenou o desenvolvimento de looks de designers brasileiros para a turn\u00ea de Kehlani, cantora norte-americana indicada ao Grammy. Entre os nomes envolvidos est\u00e3o Dario Mittmann e a Primal Stuff, marca brasileira que tamb\u00e9m j\u00e1 vestiu artistas como Shakira e Britney Spears.<\/p>\n<p>A atua\u00e7\u00e3o acontece em um momento em que Camila identifica uma mudan\u00e7a na maneira como o Brasil \u00e9 percebido pela ind\u00fastria internacional. Para ela, caracter\u00edsticas que durante muito tempo ficaram \u00e0 margem dos c\u00f3digos dominantes da moda passaram a despertar interesse justamente por oferecerem uma identidade pr\u00f3pria.<\/p>\n<p>\u201cDepois de temporadas dominadas pelo minimalismo r\u00edgido da\u00a0clean girl\u00a0e pela discri\u00e7\u00e3o quase mon\u00f3tona do\u00a0quiet luxury, o p\u00fablico global, principalmente a Gera\u00e7\u00e3o Z, desenvolveu uma sede por personalidade e express\u00e3o individual. Em um momento em que o conservadorismo est\u00e1 em alta, a est\u00e9tica brasileira surge como um respiro: ela \u00e9 quente, aut\u00eantica e criativa\u201d, analisa.<\/p>\n<p>A stylist acompanha essa transforma\u00e7\u00e3o de uma posi\u00e7\u00e3o privilegiada: dentro das equipes respons\u00e1veis por construir a imagem de artistas que circulam nos principais palcos do mundo. Nos \u00faltimos tr\u00eas anos, integrou o time de styling de Anitta em trabalhos que passaram por Carnavais, turn\u00ea mundial, MTV Video Music Awards, apresenta\u00e7\u00e3o na NFL, show com The Weeknd em S\u00e3o Paulo e um evento oficial com o Rei Charles III.<\/p>\n<p>Sua experi\u00eancia internacional inclui, ainda, a turn\u00ea mundial GNX, de Kendrick Lamar e SZA, al\u00e9m de produ\u00e7\u00f5es para o Grammy com Kehlani, FLO e Tinashe. Recentemente, tamb\u00e9m integrou a turn\u00ea latino-americana de Kali Uchis.<\/p>\n<p>Para Camila, o interesse internacional n\u00e3o est\u00e1 restrito a uma tend\u00eancia passageira ou a elementos visuais facilmente associados ao pa\u00eds. O que chama aten\u00e7\u00e3o \u00e9 justamente a possibilidade de trabalhar uma est\u00e9tica menos r\u00edgida e mais aberta \u00e0 mistura de refer\u00eancias, materiais, cores e comportamentos.<\/p>\n<p>\u201cA moda brasileira soube pegar carona nessa onda de visibilidade. Ver marcas como PatBo, Artemisi e Viv\u00e3o vestindo estrelas do calibre de Beyonc\u00e9, Katy Perry e SZA em suas turn\u00eas mundiais confirma que a nossa moda n\u00e3o \u00e9 apenas folcl\u00f3rica, mas requisitada e\u00a0trendy. Nossa capacidade de misturar materiais, texturas e refer\u00eancias culturais diversas criou um \u2018tempero\u2019 que o estrangeiro n\u00e3o consegue replicar\u201d, afirma.<\/p>\n<p>De Belo Horizonte para o circuito internacional<\/p>\n<p>Nascida e criada em Belo Horizonte, Camila \u00e9 formada em Design de Moda pela Universidade Federal de Minas Gerais (UFMG). Come\u00e7ou a carreira ainda jovem nos bastidores de semanas de moda e, aos 21 anos, participou de uma produ\u00e7\u00e3o com Gisele B\u00fcndchen para a Vivara. Aos 24, mudou-se para S\u00e3o Paulo, onde passou a trabalhar com nomes como Ludmilla, Hugo Gloss e Gaby Amarantos, al\u00e9m de realizar produ\u00e7\u00f5es para Vogue Brasil e Glamour Brasil.<\/p>\n<p>Ao longo da trajet\u00f3ria, Camila transitou por publicidade, editorial, televis\u00e3o e entretenimento, com trabalhos para grandes marcas e produ\u00e7\u00f5es como\u00a0Casamento \u00e0s Cegas Brasil. Entre 2020 e 2022, tamb\u00e9m foi respons\u00e1vel pelo setor de styling da Shop2Gether.<\/p>\n<p>Essa experi\u00eancia abriu caminho para a atua\u00e7\u00e3o em grandes produ\u00e7\u00f5es musicais, nas quais o styling precisa conciliar identidade art\u00edstica, performance e narrativa visual. Hoje, inserida nesse circuito internacional, Camila tamb\u00e9m atua como ponte para a moda brasileira, aproximando designers do pa\u00eds de artistas e estruturas de proje\u00e7\u00e3o global.<\/p>\n<p>A coordena\u00e7\u00e3o do desenvolvimento de looks de criadores brasileiros para Kehlani \u00e9 um exemplo desse movimento. Para Camila, a presen\u00e7a crescente do pa\u00eds nesses espa\u00e7os acompanha uma mudan\u00e7a mais ampla na percep\u00e7\u00e3o internacional sobre a est\u00e9tica brasileira.<\/p>\n<p>\u201cParece que o Brasil parou de tentar se encaixar em moldes europeus ou norte-americanos para finalmente celebrar sua pr\u00f3pria ess\u00eancia\u201d, resume.<\/p>\n<p>Para uma profissional que come\u00e7ou nos bastidores da moda em Belo Horizonte e hoje acompanha algumas das maiores produ\u00e7\u00f5es musicais do mundo, essa transforma\u00e7\u00e3o \u00e9 tamb\u00e9m parte de sua pr\u00f3pria trajet\u00f3ria.<\/p>\n","protected":false},"excerpt":{"rendered":"<p>Stylist mineira que j\u00e1 trabalhou com Anitta, SZA, Kendrick Lamar e Gisele B\u00fcndchen coordena desenvolvimento de looks de designers brasileiros para Kehlani e acompanha de dentro a valoriza\u00e7\u00e3o da est\u00e9tica do pa\u00eds no exterior O Brasil est\u00e1 cada vez mais presente no repert\u00f3rio visual da moda e da cultura pop internacional. Para al\u00e9m das passarelas, [&hellip;]<\/p>\n","protected":false},"author":3,"featured_media":2256,"comment_status":"open","ping_status":"open","sticky":true,"template":"","format":"standard","meta":[],"categories":[1],"tags":[],"_links":{"self":[{"href":"http:\/\/folhaminasgerais.com.br\/index.php\/wp-json\/wp\/v2\/posts\/2253"}],"collection":[{"href":"http:\/\/folhaminasgerais.com.br\/index.php\/wp-json\/wp\/v2\/posts"}],"about":[{"href":"http:\/\/folhaminasgerais.com.br\/index.php\/wp-json\/wp\/v2\/types\/post"}],"author":[{"embeddable":true,"href":"http:\/\/folhaminasgerais.com.br\/index.php\/wp-json\/wp\/v2\/users\/3"}],"replies":[{"embeddable":true,"href":"http:\/\/folhaminasgerais.com.br\/index.php\/wp-json\/wp\/v2\/comments?post=2253"}],"version-history":[{"count":1,"href":"http:\/\/folhaminasgerais.com.br\/index.php\/wp-json\/wp\/v2\/posts\/2253\/revisions"}],"predecessor-version":[{"id":2255,"href":"http:\/\/folhaminasgerais.com.br\/index.php\/wp-json\/wp\/v2\/posts\/2253\/revisions\/2255"}],"wp:featuredmedia":[{"embeddable":true,"href":"http:\/\/folhaminasgerais.com.br\/index.php\/wp-json\/wp\/v2\/media\/2256"}],"wp:attachment":[{"href":"http:\/\/folhaminasgerais.com.br\/index.php\/wp-json\/wp\/v2\/media?parent=2253"}],"wp:term":[{"taxonomy":"category","embeddable":true,"href":"http:\/\/folhaminasgerais.com.br\/index.php\/wp-json\/wp\/v2\/categories?post=2253"},{"taxonomy":"post_tag","embeddable":true,"href":"http:\/\/folhaminasgerais.com.br\/index.php\/wp-json\/wp\/v2\/tags?post=2253"}],"curies":[{"name":"wp","href":"https:\/\/api.w.org\/{rel}","templated":true}]}}