{"id":273,"date":"2021-03-05T12:48:15","date_gmt":"2021-03-05T15:48:15","guid":{"rendered":"http:\/\/folhaminasgerais.com.br\/?p=273"},"modified":"2021-03-05T12:59:41","modified_gmt":"2021-03-05T15:59:41","slug":"dia-internacional-da-mulher-uma-oportunidade-para-quebrar-a-invisibilidade-das-mulheres-com-deficiencia","status":"publish","type":"post","link":"http:\/\/folhaminasgerais.com.br\/index.php\/2021\/03\/05\/dia-internacional-da-mulher-uma-oportunidade-para-quebrar-a-invisibilidade-das-mulheres-com-deficiencia\/","title":{"rendered":"Dia Internacional da Mulher &#8211; uma oportunidade para quebrar a invisibilidade das mulheres com defici\u00eancia"},"content":{"rendered":"<p><strong>Nat\u00e1lia Costa, diretora do CENSA Betim &#8211; <i>Foto: Heberton Lopes.<\/i><\/strong><\/p>\n<p style=\"text-align: center;\"><strong><i>O CENSA Betim, institui\u00e7\u00e3o refer\u00eancia nacional h\u00e1 56 anos nos cuidados a pessoas com defici\u00eancia intelectual, trabalha para combater as barreiras que impedem a inclus\u00e3o<\/i><\/strong><\/p>\n<div>\n<p>Vivemos em uma \u00e9poca em que a inclus\u00e3o e a igualdade s\u00e3o bastante reivindicadas e nesse sentido, as mulheres acabam se tornando agentes de transforma\u00e7\u00e3o e de luta. No entanto, o \u00faltimo censo do Instituto Brasileiro de Geografia e Estat\u00edstica (IBGE), das 45 milh\u00f5es de pessoas que possuem algum tipo de defici\u00eancia no pa\u00eds, cerca de 25,8 milh\u00f5es s\u00e3o mulheres e assim, os desafios para elas s\u00e3o bem maiores que para os homens. Desta forma, inclui-las na sociedade e mostrar que n\u00e3o s\u00e3o invis\u00edveis s\u00e3o desafios assumidos pelo CENSA Betim (Rodovia Fern\u00e3o Dias, Km 494 \u2013 S\/N Betim \u2013 MG), com 56 anos de hist\u00f3ria e refer\u00eancia nacional quando o assunto \u00e9 o cuidado \u00e0s pessoas com defici\u00eancia intelectual. Para a institui\u00e7\u00e3o, o Dia Internacional da Mulher refor\u00e7a a necessidade de se incluir, cada vez mais, as mulheres na sociedade, independente da sua condi\u00e7\u00e3o.<\/p>\n<p>Para a mestre em psicologia e diretora do CENSA Betim, Nat\u00e1lia Costa, hoje as mulheres est\u00e3o se posicionando mais e ocupando seus lugares de fala, seja na fam\u00edlia, nos relacionamentos afetivos e no mercado de trabalho. Por\u00e9m, ainda h\u00e1 muito o que ser trabalhado em prol de uma sociedade mais inclusiva. \u201c\u00c9 preciso combater a falta de oportunidade para mulher na sociedade. Se a mulher sem defici\u00eancia j\u00e1 enfrenta algumas dificuldades e preconceitos, em se tratando de mercado de trabalho, principalmente, para as mulheres com defici\u00eancia, a situa\u00e7\u00e3o \u00e9 muito mais desafiadora\u201d, explica.<\/p>\n<p>Segundo Nat\u00e1lia Costa, existe um descr\u00e9dito social, em rela\u00e7\u00e3o \u00e0 capacidade da pessoa com defici\u00eancia. Somando-se a isso o machismo e a misoginia, a situa\u00e7\u00e3o da mulher com defici\u00eancia na sociedade muitas vezes beira o extremo da exclus\u00e3o. \u201cExiste a cren\u00e7a na incapacidade da mulher com defici\u00eancia. Com isso, muitas vezes assistimos a um isolamento social, transformando-as, em pessoas invis\u00edveis. Se a essa condi\u00e7\u00e3o se soma a negritude e a pobreza, a situa\u00e7\u00e3o piora acentuadamente. Por esse motivo, nos nossos 56 anos de hist\u00f3ria do CENSA Betim, sempre trabalhamos para inclu\u00ed-las na sociedade e prova disso, \u00e9 que mais de dois mil educandos com defici\u00eancia intelectual j\u00e1 passaram por aqui. Essa passagem ajudou n\u00e3o s\u00f3 suas fam\u00edlias a quebrarem barreiras, mas criou oportunidade e est\u00edmulo \u00e0 inclus\u00e3o e educa\u00e7\u00e3o, como tamb\u00e9m incrementou na forma\u00e7\u00e3o de profissionais especializados. Aqui n\u00f3s fazemos quest\u00e3o de estar ao lado da mulher, seja ela educanda, colaboradora, m\u00e3e, irm\u00e3 ou cuidadora, com ou sem defici\u00eancia, mostrando que se existe alguma barreira, n\u00f3s estaremos sempre prontos para combater\u201d, conclui. Hoje temos colaboradoras com defici\u00eancia em nosso quadro funcional, acolhemos as m\u00e3es de nossos educandos e trabalhamos para uma sociedade mais igualit\u00e1ria e inclusiva.<\/p>\n<p><strong>Estrutura<\/strong><\/p>\n<p>Para o atendimento que cada educando demanda, o CENSA Betim oferece tr\u00eas diferentes modalidades de atendimento para o p\u00fablico. \u201cTemos a conviv\u00eancia dia, que acontece de segunda \u00e0 sexta, de 08h \u00e0s 17h e o atendimento Integral, com funcionamento 24 horas que engloba hospedagem por tempo indeterminado. Al\u00e9m destas duas modalidades, a institui\u00e7\u00e3o ainda conta com a hospedagem peri\u00f3dica, que \u00e9 especificamente para os planos de finais de semana, f\u00e9rias ou de acordo com as necessidades de cada fam\u00edlia. Ou seja, tudo para atender da melhor maneira todos os nossos educandos e as necessidades dos pa\u00eds e cuidadores\u201d, conclui a psic\u00f3loga e diretora do CENSA Betim, Nat\u00e1lia Costa.<\/p>\n<p><strong>CENSA<\/strong><\/p>\n<p>O CENSA foi fundado no ano de 1964 pela educadora Ester Assump\u00e7\u00e3o, mulher \u00e0 frente de seu tempo, que trabalhou com Helena Antipoff no Instituto Pestalozzi. Dona Ester, como era carinhosamente chamada, acolhia em seu pr\u00f3prio lar crian\u00e7as com defici\u00eancia cujas fam\u00edlias n\u00e3o podiam fixar resid\u00eancia em Belo Horizonte. Assim nasceu o CENSA, de um sonho, um ideal de uma educadora, cujo desejo de cuidar e amparar crian\u00e7as com defici\u00eancia e suas fam\u00edlias era genu\u00edno e se materializou em quatro institui\u00e7\u00f5es por ela fundadas: CENSA, APEX, Instituto Ester Assump\u00e7\u00e3o e Cl\u00ednica S\u00e3o Jos\u00e9.<\/p>\n<p>&nbsp;<\/p>\n<p>Centro Especializado Nossa Senhora D&#8217;Assump\u00e7\u00e3o<\/p>\n<p>Endere\u00e7o: BR-381, 494 &#8211; Jardim Petr\u00f3polis, Betim \u2013 MG<\/p>\n<p>Telefone: (31) 3529-3500<\/p>\n<p>E-mail:\u00a0<a href=\"mailto:contato@censabetim.com.br\" target=\"_blank\" rel=\"noopener\">contato@censabetim.com.br<\/a><\/p>\n<\/div>\n","protected":false},"excerpt":{"rendered":"<p>Nat\u00e1lia Costa, diretora do CENSA Betim &#8211; Foto: Heberton Lopes. O CENSA Betim, institui\u00e7\u00e3o refer\u00eancia nacional h\u00e1 56 anos nos cuidados a pessoas com defici\u00eancia intelectual, trabalha para combater as barreiras que impedem a inclus\u00e3o Vivemos em uma \u00e9poca em que a inclus\u00e3o e a igualdade s\u00e3o bastante reivindicadas e nesse sentido, as mulheres acabam [&hellip;]<\/p>\n","protected":false},"author":3,"featured_media":274,"comment_status":"open","ping_status":"open","sticky":false,"template":"","format":"standard","meta":[],"categories":[46],"tags":[91,89,81,93,26,92,90,82,94],"_links":{"self":[{"href":"http:\/\/folhaminasgerais.com.br\/index.php\/wp-json\/wp\/v2\/posts\/273"}],"collection":[{"href":"http:\/\/folhaminasgerais.com.br\/index.php\/wp-json\/wp\/v2\/posts"}],"about":[{"href":"http:\/\/folhaminasgerais.com.br\/index.php\/wp-json\/wp\/v2\/types\/post"}],"author":[{"embeddable":true,"href":"http:\/\/folhaminasgerais.com.br\/index.php\/wp-json\/wp\/v2\/users\/3"}],"replies":[{"embeddable":true,"href":"http:\/\/folhaminasgerais.com.br\/index.php\/wp-json\/wp\/v2\/comments?post=273"}],"version-history":[{"count":1,"href":"http:\/\/folhaminasgerais.com.br\/index.php\/wp-json\/wp\/v2\/posts\/273\/revisions"}],"predecessor-version":[{"id":275,"href":"http:\/\/folhaminasgerais.com.br\/index.php\/wp-json\/wp\/v2\/posts\/273\/revisions\/275"}],"wp:featuredmedia":[{"embeddable":true,"href":"http:\/\/folhaminasgerais.com.br\/index.php\/wp-json\/wp\/v2\/media\/274"}],"wp:attachment":[{"href":"http:\/\/folhaminasgerais.com.br\/index.php\/wp-json\/wp\/v2\/media?parent=273"}],"wp:term":[{"taxonomy":"category","embeddable":true,"href":"http:\/\/folhaminasgerais.com.br\/index.php\/wp-json\/wp\/v2\/categories?post=273"},{"taxonomy":"post_tag","embeddable":true,"href":"http:\/\/folhaminasgerais.com.br\/index.php\/wp-json\/wp\/v2\/tags?post=273"}],"curies":[{"name":"wp","href":"https:\/\/api.w.org\/{rel}","templated":true}]}}