{"id":511,"date":"2021-09-28T17:46:03","date_gmt":"2021-09-28T20:46:03","guid":{"rendered":"http:\/\/folhaminasgerais.com.br\/?p=511"},"modified":"2021-09-28T18:04:21","modified_gmt":"2021-09-28T21:04:21","slug":"gian-giovani-confirmam-show-em-contagem","status":"publish","type":"post","link":"http:\/\/folhaminasgerais.com.br\/index.php\/2021\/09\/28\/gian-giovani-confirmam-show-em-contagem\/","title":{"rendered":"Gian &#038; Giovani confirmam show em Contagem"},"content":{"rendered":"<p><strong>Imagem: Gian e Giovani &#8211; Divulga\u00e7\u00e3o.\u00a0<\/strong><\/p>\n<p style=\"text-align: center;\"><strong><i>Apresenta\u00e7\u00e3o acontece no Carret\u00e3o Trevo, em 06 de novembro, e as mesas podem ser adquiridas pelo site\u00a0<a href=\"http:\/\/www.zapify.com.br\/\" target=\"_blank\" rel=\"noopener\" data-saferedirecturl=\"https:\/\/www.google.com\/url?q=http:\/\/www.zapify.com.br&amp;source=gmail&amp;ust=1632936257999000&amp;usg=AFQjCNH_ZjYboIl_a9-fgByIQORz8liD7Q\">www.zapify.com.br<\/a>; evento respeita todos os decretos municipais e protocolos para evitar a covid-19<\/i><\/strong><\/p>\n<div>\n<p>Ap\u00f3s dois anos, a\u00a0dupla\u00a0Gian\u00a0&amp;\u00a0Giovani\u00a0<wbr \/>desembarca novamente em Contagem para apresentar um grande show. Os irm\u00e3os subir\u00e3o ao palco do Carret\u00e3o Trevo (Av. Col\u00fambia, 960 &#8211; Novo Riacho) no dia 06 de novembro, s\u00e1bado, \u00e0s 21h. O evento, que respeita todos os decretos vigentes e segue todos os protocolos exigidos pelas autoridades de sa\u00fade, disponibilizou os ingressos para vendas on-line por meio da plataforma\u00a0<a href=\"http:\/\/www.zapify.com.br\/\" target=\"_blank\" rel=\"noopener\" data-saferedirecturl=\"https:\/\/www.google.com\/url?q=http:\/\/www.zapify.com.br\/&amp;source=gmail&amp;ust=1632936257999000&amp;usg=AFQjCNEBNVo8zcwpyuS0HjIAadKUBYK7VQ\">www.zapify.com.br<\/a>\u00a0.<\/p>\n<p><img class=\"CToWUd a6T\" tabindex=\"0\" src=\"https:\/\/ci6.googleusercontent.com\/proxy\/kBDRGIPJG1b-zdi-gkWyIG95RIbVy24YeldUq9EajRwHDuGzlI9AAoFsEge_98XO__uJL9JyudRzv6ayLaC7ukQ5VpsL3yqvvdYGp7k3aIVud-cmBoD9BzFNW0D_ddVWIFFc5f0sT-TG2S_0CoRvjJNMVoR1aRg23h9t8QTSme_9BFvzwL3oaRu-rwJwH2AoB-t0SNDU6maOhhA=s0-d-e1-ft#https:\/\/files.pressmanager.net\/clientes\/67dd844a69e08263976a65f343f9b4e0\/imagens\/2021\/09\/28\/5d343502be4048961e290dfde3bd6fec_medium.jpg\" alt=\"\" width=\"300\" align=\"right\" hspace=\"10\" vspace=\"10\" \/>A hist\u00f3ria de sucesso de\u00a0Gian\u00a0&amp;\u00a0Giovani\u00a0come\u00e7ou em Franca, interior de S\u00e3o Paulo, quando os irm\u00e3os, Aparecido\u00a0e\u00a0Marcelo, ainda crian\u00e7as, tocavam viol\u00e3o escondido do pai, o Sr. Francisco. No entanto, logo depois, o Sr. Francisco resolveu incentivar os tr\u00eas filhos, Aparecido, Marcelo\u00a0e\u00a0Arnaldo, a formar o trio Sereno, Sereninho\u00a0e\u00a0Gauchinho. Em pouco tempo eles j\u00e1 faziam apresenta\u00e7\u00f5es ao vivo\u00a0e\u00a0com a ajuda de um padrinho, decidiram transformar o trio em dupla. Com esfor\u00e7o\u00a0e\u00a0dedica\u00e7\u00e3o, foram para a gravadora Continental, que lan\u00e7ou o primeiro LP no ano de 1988. De l\u00e1 para c\u00e1, s\u00e3o mais de 10 \u00e1lbuns lan\u00e7ados\u00a0e\u00a0sucessos que est\u00e3o gravados na mem\u00f3ria dos f\u00e3s.<\/p>\n<p>Entre os sucessos que n\u00e3o poder\u00e3o faltar na apresenta\u00e7\u00e3o no Carret\u00e3o Trevo, os cl\u00e1ssicos\u00a0<em>Convite de Casamento, Eu Busco Uma Estrela, Te Amo, Ca\u00ed no La\u00e7o<\/em>\u00a0e\u00a0muitas outras m\u00fasicas que fazem parte da carreira dos sertanejos. O show de\u00a0Gian\u00a0e\u00a0Giovani\u00a0em Contagem \u00e9 uma realiza\u00e7\u00e3o do Carret\u00e3o Trevo com a produ\u00e7\u00e3o da Horta Produ\u00e7\u00f5es\u00a0e\u00a0Eventos e patroc\u00ednio da Lagoon Beer Company.<\/p>\n<p><strong>Conforto<\/strong><\/p>\n<p>O Carret\u00e3o Trevo se destaca por sediar shows inesquec\u00edveis de renomados artistas da m\u00fasica nacional. Guilherme Arantes, Paulo Ricardo, Rick &amp; Renner, C\u00e9zar &amp; Paulinho, S\u00e9rgio Reis, Ira!\u00a0e\u00a0muitos outros \u00edcones j\u00e1 subiram ao palco da casa. O espa\u00e7o oferece para o p\u00fablico seguran\u00e7a, conforto e comodidade, pois, al\u00e9m do estacionamento no local, \u00e9 poss\u00edvel assistir as apresenta\u00e7\u00f5es confortavelmente sentado e usufruindo de atendimento especial all inclusive de bebidas\u00a0e\u00a0comidas.<\/p>\n<p><strong>Servi\u00e7o<\/strong><\/p>\n<p>Gian\u00a0&amp;\u00a0Giovani\u00a0se apresentam em Contagem<br \/>\nLocal: Carret\u00e3o Trevo (Av. Col\u00fambia, 960 &#8211; Novo Riacho, Contagem)<br \/>\nData: 06 de novembro (s\u00e1bado)<br \/>\nHor\u00e1rio: A partir das 21h<br \/>\nMesas:<br \/>\nDiamante 06 lugares: R$ 2.100,00<\/p>\n<p>Diamante 04 lugares: R$ 1.400,00<\/p>\n<p>Ouro 06 lugares: R$ 1.800,00<\/p>\n<p>Ouro 04 lugares: R$ 1.200,00<\/p>\n<p>Prata 06 lugares: R$ 1.500,00<\/p>\n<p>Prata 04 lugares: R$ 1.000,00<\/p>\n<p>Bronze 04 lugares: R$ 900,00<\/p>\n<p>Vendas no local\u00a0e\u00a0no site\u00a0<a href=\"http:\/\/www.zapify.com.br\/\" target=\"_blank\" rel=\"noopener\" data-saferedirecturl=\"https:\/\/www.google.com\/url?q=http:\/\/www.zapify.com.br\/&amp;source=gmail&amp;ust=1632936257999000&amp;usg=AFQjCNEBNVo8zcwpyuS0HjIAadKUBYK7VQ\">http:\/\/www.zapify.com.br\/<\/a><\/p>\n<\/div>\n","protected":false},"excerpt":{"rendered":"<p>Imagem: Gian e Giovani &#8211; Divulga\u00e7\u00e3o.\u00a0 Apresenta\u00e7\u00e3o acontece no Carret\u00e3o Trevo, em 06 de novembro, e as mesas podem ser adquiridas pelo site\u00a0www.zapify.com.br; evento respeita todos os decretos municipais e protocolos para evitar a covid-19 Ap\u00f3s dois anos, a\u00a0dupla\u00a0Gian\u00a0&amp;\u00a0Giovani\u00a0desembarca novamente em Contagem para apresentar um grande show. Os irm\u00e3os subir\u00e3o ao palco do Carret\u00e3o Trevo [&hellip;]<\/p>\n","protected":false},"author":3,"featured_media":513,"comment_status":"open","ping_status":"open","sticky":true,"template":"","format":"standard","meta":[],"categories":[44],"tags":[],"_links":{"self":[{"href":"http:\/\/folhaminasgerais.com.br\/index.php\/wp-json\/wp\/v2\/posts\/511"}],"collection":[{"href":"http:\/\/folhaminasgerais.com.br\/index.php\/wp-json\/wp\/v2\/posts"}],"about":[{"href":"http:\/\/folhaminasgerais.com.br\/index.php\/wp-json\/wp\/v2\/types\/post"}],"author":[{"embeddable":true,"href":"http:\/\/folhaminasgerais.com.br\/index.php\/wp-json\/wp\/v2\/users\/3"}],"replies":[{"embeddable":true,"href":"http:\/\/folhaminasgerais.com.br\/index.php\/wp-json\/wp\/v2\/comments?post=511"}],"version-history":[{"count":1,"href":"http:\/\/folhaminasgerais.com.br\/index.php\/wp-json\/wp\/v2\/posts\/511\/revisions"}],"predecessor-version":[{"id":512,"href":"http:\/\/folhaminasgerais.com.br\/index.php\/wp-json\/wp\/v2\/posts\/511\/revisions\/512"}],"wp:featuredmedia":[{"embeddable":true,"href":"http:\/\/folhaminasgerais.com.br\/index.php\/wp-json\/wp\/v2\/media\/513"}],"wp:attachment":[{"href":"http:\/\/folhaminasgerais.com.br\/index.php\/wp-json\/wp\/v2\/media?parent=511"}],"wp:term":[{"taxonomy":"category","embeddable":true,"href":"http:\/\/folhaminasgerais.com.br\/index.php\/wp-json\/wp\/v2\/categories?post=511"},{"taxonomy":"post_tag","embeddable":true,"href":"http:\/\/folhaminasgerais.com.br\/index.php\/wp-json\/wp\/v2\/tags?post=511"}],"curies":[{"name":"wp","href":"https:\/\/api.w.org\/{rel}","templated":true}]}}