{"id":526,"date":"2021-10-26T11:52:01","date_gmt":"2021-10-26T14:52:01","guid":{"rendered":"http:\/\/folhaminasgerais.com.br\/?p=526"},"modified":"2021-10-26T11:54:47","modified_gmt":"2021-10-26T14:54:47","slug":"ccbb-educativo-oferece-visitas-mediadas-tematicas-a-exposicao-leandro-erlich-a-tensao","status":"publish","type":"post","link":"http:\/\/folhaminasgerais.com.br\/index.php\/2021\/10\/26\/ccbb-educativo-oferece-visitas-mediadas-tematicas-a-exposicao-leandro-erlich-a-tensao\/","title":{"rendered":"CCBB Educativo oferece Visitas Mediadas Tem\u00e1ticas \u00e0 exposi\u00e7\u00e3o \u201cLeandro Erlich &#8211; A Tens\u00e3o\u201d"},"content":{"rendered":"<p dir=\"ltr\"><img loading=\"lazy\" class=\"aligncenter wp-image-527 size-large\" src=\"http:\/\/folhaminasgerais.com.br\/wp-content\/uploads\/2021\/10\/Visita-a-Leandro-Erlich-Foto-CCBB-Educativo-4-1024x576.jpg\" alt=\"\" width=\"740\" height=\"416\" srcset=\"http:\/\/folhaminasgerais.com.br\/wp-content\/uploads\/2021\/10\/Visita-a-Leandro-Erlich-Foto-CCBB-Educativo-4-1024x576.jpg 1024w, http:\/\/folhaminasgerais.com.br\/wp-content\/uploads\/2021\/10\/Visita-a-Leandro-Erlich-Foto-CCBB-Educativo-4-300x169.jpg 300w, http:\/\/folhaminasgerais.com.br\/wp-content\/uploads\/2021\/10\/Visita-a-Leandro-Erlich-Foto-CCBB-Educativo-4-768x432.jpg 768w, http:\/\/folhaminasgerais.com.br\/wp-content\/uploads\/2021\/10\/Visita-a-Leandro-Erlich-Foto-CCBB-Educativo-4-1536x864.jpg 1536w, http:\/\/folhaminasgerais.com.br\/wp-content\/uploads\/2021\/10\/Visita-a-Leandro-Erlich-Foto-CCBB-Educativo-4-1440x810.jpg 1440w, http:\/\/folhaminasgerais.com.br\/wp-content\/uploads\/2021\/10\/Visita-a-Leandro-Erlich-Foto-CCBB-Educativo-4.jpg 1930w\" sizes=\"(max-width: 740px) 100vw, 740px\" \/><\/p>\n<p dir=\"ltr\"><strong>Visita a Leandro Erlich &#8211; Foto CCBB Educativo.\u00a0<\/strong><\/p>\n<p dir=\"ltr\" style=\"text-align: center;\"><strong><em>Os temas s\u00e3o variados e est\u00e3o dispon\u00edveis para o p\u00fablico espont\u00e2neo e grupos agendados<\/em><\/strong><\/p>\n<p dir=\"ltr\">A exposi\u00e7\u00e3o \u201cLeandro Erlich &#8211; A Tens\u00e3o\u201d j\u00e1 \u00e9 um sucesso no CCBB BH. Mas as visitas \u00e0 mostra podem ser muito mais interessantes quando mediadas pelos educadores, se aprofundando em temas e perspectivas variadas da mostra. Por isso, o CCBB Educativo oferece visitas mediadas tem\u00e1ticas tanto ao p\u00fablico em geral quanto grupos agendados.<\/p>\n<p dir=\"ltr\">As Visitas Mediadas para o p\u00fablico geral acontecem presencialmente de quarta a segunda-feira, \u00e0s 11h e \u00e0s 18h, com vers\u00e3o em libras quinta-feira e s\u00e1bado, \u00e0s 18h.<\/p>\n<p dir=\"ltr\">J\u00e1 as visitas mediadas agendadas para escolas e institui\u00e7\u00f5es s\u00e3o online, podem ter hor\u00e1rios diversos e h\u00e1 limite de pessoas por grupo, de 10 a 45 participantes. As inscri\u00e7\u00f5es s\u00e3o realizadas pelo site<a href=\"http:\/\/www.ccbbeducativo.com\/visitas\" target=\"_blank\" rel=\"noopener\" data-saferedirecturl=\"https:\/\/www.google.com\/url?q=http:\/\/www.ccbbeducativo.com\/visitas&amp;source=gmail&amp;ust=1635345850928000&amp;usg=AFQjCNF8ex6XHI6OKq5o8Wls98wlEZ_iYw\"> www.ccbbeducativo.com\/visitas<\/a><\/p>\n<p dir=\"ltr\">Visitas Mediadas para o p\u00fablico geral<\/p>\n<p dir=\"ltr\">\u00a0\u00a0\u00a0\u00a0\u00a0\u00a0\u00a0\u00a0 Nas tradicionais Visitas Mediadas para o p\u00fablico geral, h\u00e1 uma tem\u00e1tica dispon\u00edvel e o p\u00fablico pode fazer o percurso presencialmente: \u201cAl\u00e9m de ver, como podemos interagir com uma obra de arte?\u201d, abordando as m\u00faltiplas intera\u00e7\u00f5es com as obras de Leandro Erlich.<\/p>\n<p dir=\"ltr\">Durante as visitas, educadores e visitantes conversar\u00e3o sobre as diversas formas de aprecia\u00e7\u00e3o art\u00edstica. Tocar, ouvir, degustar, e os diversos caminhos poss\u00edveis de interagir com a obra de arte.<\/p>\n<p dir=\"ltr\">Visitas mediadas agendadas para escolas e institui\u00e7\u00f5es<\/p>\n<p dir=\"ltr\">As visitas mediadas agendadas para escolas e institui\u00e7\u00f5es s\u00e3o online e contam ainda com mais temas para serem explorados como fonte de conhecimento entre os professores e alunos. Ao todo s\u00e3o quatro tem\u00e1ticas abordando diferentes assuntos e perspectivas na mostra.<\/p>\n<p dir=\"ltr\">Em \u201cArte e Arquitetura\u201d, os participantes v\u00e3o entender a apropria\u00e7\u00e3o que o artista faz do espa\u00e7o como elemento de constitui\u00e7\u00e3o da obra de arte, quando toma emprestado o suporte arquitet\u00f4nico para constru\u00e7\u00f5es diversas ou a j\u00e1 hist\u00f3rica aproxima\u00e7\u00e3o da arquitetura com os elementos pict\u00f3ricos e pl\u00e1sticos, mosaicos, afrescos, graffiti, stencils e outras tantas interven\u00e7\u00f5es urbanas. O artista argentino Leandro Erlich vem de uma fam\u00edlia de arquitetos e isso influenciou diretamente seu processo criativo,\u00a0 tanto que j\u00e1 foi chamado de o \u201carquiteto da incerteza&#8221;.<\/p>\n<p dir=\"ltr\">Outra op\u00e7\u00e3o \u00e9 a visita \u201cEspectador-Criador\u201d que leva o p\u00fablico \u00e0 reflex\u00e3o sobre quando uma obra est\u00e1 finalizada. Muitas obras de artes convidam o p\u00fablico n\u00e3o s\u00f3 para uma aprecia\u00e7\u00e3o passiva, mas tamb\u00e9m para uma intera\u00e7\u00e3o direta, nessa rela\u00e7\u00e3o imersiva a obra de arte se completa com a participa\u00e7\u00e3o do p\u00fablico, com a a\u00e7\u00e3o do espectador. Nesta visita ser\u00e1 poss\u00edvel conhecer quais s\u00e3o os convites que o artista Leandro Erlich faz para o p\u00fablico adentrar em suas obras e cocri\u00e1-las.<\/p>\n<p dir=\"ltr\">J\u00e1 em \u201cHiper-realismo inventando realidades\u201d a proposta \u00e9 questionar a realidade. O artista recria ambientes e cenas do cotidiano t\u00e3o reais que faz com que o p\u00fablico se pergunte se \u00e9 mesmo de verdade. Nesta visita mediada, o CCBB Educativo conversa sobre o uso que o artista argentino faz de elementos do hiper-realismo para levantar quest\u00f5es sobre as verdades absolutas da contemporaneidade.<\/p>\n<p dir=\"ltr\">O que norteia a visita \u201cArte contempor\u00e2nea latina-americana\u201d \u00e9 a produ\u00e7\u00e3o de um artista contempor\u00e2neo latino-americano e as quest\u00f5es que sua obra nos traz\u00a0 que refor\u00e7am ou n\u00e3o essa identidade. O lugar ocupado pelo artista, a autoria da obra, as materialidades, as corporeidades, as identidades. Quest\u00f5es essas que inquietam a sociedade atual e que apresenta a arte como um campo de intera\u00e7\u00e3o.<\/p>\n<p dir=\"ltr\">SERVI\u00c7O:<\/p>\n<p dir=\"ltr\">Programa CCBB Educativo<\/p>\n<p dir=\"ltr\">Visitas Mediadas para o p\u00fablico geral &#8211; Presenciais<\/p>\n<p dir=\"ltr\">De quarta a segunda-feira, \u00e0s 11h e \u00e0s 18h<\/p>\n<p dir=\"ltr\">Visitas em libras: quinta-feira e s\u00e1bado, \u00e0s 18h<\/p>\n<p dir=\"ltr\">Inscri\u00e7\u00f5es:<a href=\"http:\/\/www.ccbbeducativo.com\/visitas\" target=\"_blank\" rel=\"noopener\" data-saferedirecturl=\"https:\/\/www.google.com\/url?q=http:\/\/www.ccbbeducativo.com\/visitas&amp;source=gmail&amp;ust=1635345850929000&amp;usg=AFQjCNGwq2p8wOBmPFeAld6QfZwfofjOkA\"> www.ccbbeducativo.com\/visitas<\/a><\/p>\n<h2 dir=\"ltr\"><\/h2>\n<p dir=\"ltr\">Visitas agendadas para escolas e institui\u00e7\u00f5es &#8211; Online<\/p>\n<p dir=\"ltr\">Manh\u00e3, tarde ou noite, mediante agendamento<\/p>\n<p dir=\"ltr\">Dura\u00e7\u00e3o: 0h50 ou 1h40.<\/p>\n<p dir=\"ltr\">Classifica\u00e7\u00e3o indicativa Livre \u2013 Indicado para pessoas acima de 5 anos.<\/p>\n<p dir=\"ltr\">Inscri\u00e7\u00f5es:<a href=\"http:\/\/www.ccbbeducativo.com\/visitas\" target=\"_blank\" rel=\"noopener\" data-saferedirecturl=\"https:\/\/www.google.com\/url?q=http:\/\/www.ccbbeducativo.com\/visitas&amp;source=gmail&amp;ust=1635345850929000&amp;usg=AFQjCNGwq2p8wOBmPFeAld6QfZwfofjOkA\"> www.ccbbeducativo.com\/visitas<\/a><\/p>\n<h2 dir=\"ltr\"><\/h2>\n<p dir=\"ltr\">Eventos gratuitos<\/p>\n<p dir=\"ltr\">Informa\u00e7\u00f5es: (31) 3431-9440\/9441<\/p>\n<p dir=\"ltr\"><a href=\"http:\/\/www.ccbbeducativo.com\/\" target=\"_blank\" rel=\"noopener\" data-saferedirecturl=\"https:\/\/www.google.com\/url?q=http:\/\/www.ccbbeducativo.com&amp;source=gmail&amp;ust=1635345850929000&amp;usg=AFQjCNGEXW1KbeM-PcpDV817bQLu8kbDww\">www.ccbbeducativo.com<\/a><\/p>\n","protected":false},"excerpt":{"rendered":"<p>Visita a Leandro Erlich &#8211; Foto CCBB Educativo.\u00a0 Os temas s\u00e3o variados e est\u00e3o dispon\u00edveis para o p\u00fablico espont\u00e2neo e grupos agendados A exposi\u00e7\u00e3o \u201cLeandro Erlich &#8211; A Tens\u00e3o\u201d j\u00e1 \u00e9 um sucesso no CCBB BH. Mas as visitas \u00e0 mostra podem ser muito mais interessantes quando mediadas pelos educadores, se aprofundando em temas e [&hellip;]<\/p>\n","protected":false},"author":3,"featured_media":527,"comment_status":"open","ping_status":"open","sticky":false,"template":"","format":"standard","meta":[],"categories":[44],"tags":[],"_links":{"self":[{"href":"http:\/\/folhaminasgerais.com.br\/index.php\/wp-json\/wp\/v2\/posts\/526"}],"collection":[{"href":"http:\/\/folhaminasgerais.com.br\/index.php\/wp-json\/wp\/v2\/posts"}],"about":[{"href":"http:\/\/folhaminasgerais.com.br\/index.php\/wp-json\/wp\/v2\/types\/post"}],"author":[{"embeddable":true,"href":"http:\/\/folhaminasgerais.com.br\/index.php\/wp-json\/wp\/v2\/users\/3"}],"replies":[{"embeddable":true,"href":"http:\/\/folhaminasgerais.com.br\/index.php\/wp-json\/wp\/v2\/comments?post=526"}],"version-history":[{"count":3,"href":"http:\/\/folhaminasgerais.com.br\/index.php\/wp-json\/wp\/v2\/posts\/526\/revisions"}],"predecessor-version":[{"id":530,"href":"http:\/\/folhaminasgerais.com.br\/index.php\/wp-json\/wp\/v2\/posts\/526\/revisions\/530"}],"wp:featuredmedia":[{"embeddable":true,"href":"http:\/\/folhaminasgerais.com.br\/index.php\/wp-json\/wp\/v2\/media\/527"}],"wp:attachment":[{"href":"http:\/\/folhaminasgerais.com.br\/index.php\/wp-json\/wp\/v2\/media?parent=526"}],"wp:term":[{"taxonomy":"category","embeddable":true,"href":"http:\/\/folhaminasgerais.com.br\/index.php\/wp-json\/wp\/v2\/categories?post=526"},{"taxonomy":"post_tag","embeddable":true,"href":"http:\/\/folhaminasgerais.com.br\/index.php\/wp-json\/wp\/v2\/tags?post=526"}],"curies":[{"name":"wp","href":"https:\/\/api.w.org\/{rel}","templated":true}]}}