{"id":577,"date":"2022-01-07T13:45:52","date_gmt":"2022-01-07T16:45:52","guid":{"rendered":"http:\/\/folhaminasgerais.com.br\/?p=577"},"modified":"2022-02-23T15:01:52","modified_gmt":"2022-02-23T18:01:52","slug":"beleza-natural-e-tendencia-em-2022","status":"publish","type":"post","link":"http:\/\/folhaminasgerais.com.br\/index.php\/2022\/01\/07\/beleza-natural-e-tendencia-em-2022\/","title":{"rendered":"Beleza natural \u00e9 tend\u00eancia em 2022"},"content":{"rendered":"<p dir=\"ltr\" style=\"text-align: center;\"><strong><em>Especialista garante que procedimentos est\u00e9ticos exagerados est\u00e3o saindo de moda.<\/em><\/strong><\/p>\n<p dir=\"ltr\"><strong><span class=\"dropcap dropcap1\">A<\/span><\/strong> face \u00e9 a porta de entrada! Isso significa que, cuidados espec\u00edficos e aprimoramentos nessa regi\u00e3o s\u00e3o pr\u00e1ticas necess\u00e1rias e cada vez mais comuns atualmente. Pequenas mudan\u00e7as no rosto refletem em quem voc\u00ea \u00e9 e at\u00e9 mesmo na imagem que quer passar. Dessa forma, os tratamentos preventivos na pele podem ser a solu\u00e7\u00e3o para alguns casos. E saber o seu tipo de pele na hora de considerar cada um \u00e9 muito importante para conseguir os resultados desejados.<\/p>\n<p dir=\"ltr\">Com a moderniza\u00e7\u00e3o da medicina, cada vez mais, in\u00fameros tratamentos v\u00eam surgindo no mercado, o que pode at\u00e9 mesmo colocar em d\u00favida muitas pessoas sobre qual seria o mais indicado para determinado problema. &#8220;Quando se fala em interven\u00e7\u00f5es est\u00e9ticas, as pacientes de hoje preferem resultados mais naturais. Portanto, l\u00e1bios cheios demais e procedimentos exagerados est\u00e3o saindo de moda\u201d, comenta a m\u00e9dica dermatologista, Ana Vit\u00f3ria Perecine.<\/p>\n<p dir=\"ltr\">Ela acrescenta que crescentemente, os pacientes querem manter sua estrutura geral da face. Querem sair do procedimento ainda se parecendo com eles mesmos, mas com alguns ajustes refinados. \u201cAs pessoas hoje est\u00e3o bem empolgadas com as micro-otimiza\u00e7\u00f5es que as fazem se sentir mais confiantes, mas que n\u00e3o s\u00e3o montados demais\u201d.<\/p>\n<p dir=\"ltr\"><strong>Preven\u00e7\u00e3o \u00e9 o caminho<\/strong><\/p>\n<p dir=\"ltr\">Para 2022, os tratamentos preventivos prometem crescer no mercado, envolvendo tamb\u00e9m mulheres mais jovens. De acordo com especialistas, um n\u00famero maior de pacientes a partir dos 20 anos devem adentrar os consult\u00f3rios m\u00e9dicos. Pesquisa anual da Academia Americana de Cirurgia Pl\u00e1stica Facial e Reconstrutiva (AAFPRS) constatou que 72% dos cirurgi\u00f5es pl\u00e1sticos viram um aumento na cirurgia est\u00e9tica ou injet\u00e1veis em pacientes com menos de 30 anos.<\/p>\n<p dir=\"ltr\">De acordo com a m\u00e9dica, os pacientes dessa idade buscam receber tratamentos regulares que impedem procedimentos invasivos ao longo prazo, como se fosse uma esp\u00e9cie de cuidado especial. \u201cA toxina botul\u00ednica, por exemplo, teve que se adequar com a aplica\u00e7\u00e3o de microdoses, que s\u00e3o indicadas principalmente para tratamentos preventivos\u201d.<\/p>\n<p dir=\"ltr\">Seja qual for o tipo de tratamento que o paciente ir\u00e1 realizar, um m\u00e9dico dermatologista dever\u00e1 ser consultado com anteced\u00eancia. \u201cApenas ele saber\u00e1 avaliar o seu tipo e textura de pele para afirmar o que voc\u00ea pode usar e como reagiria a certos procedimentos est\u00e9ticos, podendo ser realizados tamb\u00e9m por este tipo de profissional, al\u00e9m de cirurgi\u00f5es pl\u00e1sticos. Al\u00e9m disso, o dermatologista saber\u00e1 indicar quais os cuidados ou produtos ideias para serem usados ap\u00f3s a interven\u00e7\u00e3o, a fim de prolongar e garantir um bom resultado\u201d, garante a especialista.<\/p>\n<p dir=\"ltr\"><strong><em>Fonte: Ana Vit\u00f3ria Ribeiro Perecini \u00e9 m\u00e9dica, dermatologista, graduada pela Faculdade Ci\u00eancias M\u00e9dicas de Minas Gerais (CMMG) e com Resid\u00eancia M\u00e9dica em Dermatologia pela Universidade Federal do Tri\u00e2ngulo Mineiro (UFTM). CRM: MG 64836 | RQE: 44348\u00a0<\/em><\/strong><\/p>\n<p dir=\"ltr\"><strong><em>\u00c9 membro titular da Sociedade Brasileira de Dermatologia (SBD) e especialista em tratamentos est\u00e9ticos e tricologia m\u00e9dica. Sempre atualizada, oferece tratamentos completos e de excel\u00eancia aos seus pacientes.<\/em><\/strong><\/p>\n<div class=\"yj6qo\"><\/div>\n","protected":false},"excerpt":{"rendered":"<p>Especialista garante que procedimentos est\u00e9ticos exagerados est\u00e3o saindo de moda. A face \u00e9 a porta de entrada! Isso significa que, cuidados espec\u00edficos e aprimoramentos nessa regi\u00e3o s\u00e3o pr\u00e1ticas necess\u00e1rias e cada vez mais comuns atualmente. Pequenas mudan\u00e7as no rosto refletem em quem voc\u00ea \u00e9 e at\u00e9 mesmo na imagem que quer passar. Dessa forma, os [&hellip;]<\/p>\n","protected":false},"author":3,"featured_media":578,"comment_status":"open","ping_status":"open","sticky":true,"template":"","format":"standard","meta":[],"categories":[46],"tags":[],"_links":{"self":[{"href":"http:\/\/folhaminasgerais.com.br\/index.php\/wp-json\/wp\/v2\/posts\/577"}],"collection":[{"href":"http:\/\/folhaminasgerais.com.br\/index.php\/wp-json\/wp\/v2\/posts"}],"about":[{"href":"http:\/\/folhaminasgerais.com.br\/index.php\/wp-json\/wp\/v2\/types\/post"}],"author":[{"embeddable":true,"href":"http:\/\/folhaminasgerais.com.br\/index.php\/wp-json\/wp\/v2\/users\/3"}],"replies":[{"embeddable":true,"href":"http:\/\/folhaminasgerais.com.br\/index.php\/wp-json\/wp\/v2\/comments?post=577"}],"version-history":[{"count":2,"href":"http:\/\/folhaminasgerais.com.br\/index.php\/wp-json\/wp\/v2\/posts\/577\/revisions"}],"predecessor-version":[{"id":580,"href":"http:\/\/folhaminasgerais.com.br\/index.php\/wp-json\/wp\/v2\/posts\/577\/revisions\/580"}],"wp:featuredmedia":[{"embeddable":true,"href":"http:\/\/folhaminasgerais.com.br\/index.php\/wp-json\/wp\/v2\/media\/578"}],"wp:attachment":[{"href":"http:\/\/folhaminasgerais.com.br\/index.php\/wp-json\/wp\/v2\/media?parent=577"}],"wp:term":[{"taxonomy":"category","embeddable":true,"href":"http:\/\/folhaminasgerais.com.br\/index.php\/wp-json\/wp\/v2\/categories?post=577"},{"taxonomy":"post_tag","embeddable":true,"href":"http:\/\/folhaminasgerais.com.br\/index.php\/wp-json\/wp\/v2\/tags?post=577"}],"curies":[{"name":"wp","href":"https:\/\/api.w.org\/{rel}","templated":true}]}}