{"id":614,"date":"2022-03-04T13:35:44","date_gmt":"2022-03-04T16:35:44","guid":{"rendered":"http:\/\/folhaminasgerais.com.br\/?p=614"},"modified":"2022-03-04T13:49:59","modified_gmt":"2022-03-04T16:49:59","slug":"rede-oblata-lanca-a-revista-sensibla","status":"publish","type":"post","link":"http:\/\/folhaminasgerais.com.br\/index.php\/2022\/03\/04\/rede-oblata-lanca-a-revista-sensibla\/","title":{"rendered":"Rede Oblata lan\u00e7a a revista SENSIBLA"},"content":{"rendered":"<p><strong>Cr\u00e9dito | Imagem: Divulga\u00e7\u00e3o.<\/strong><\/p>\n<p style=\"text-align: center;\"><strong><em>A revista SENSIBLA\u00a0\u00e9 um instrumento de sensibiliza\u00e7\u00e3o e chamado \u00e0 miss\u00e3o prof\u00e9tica social<\/em><\/strong><\/p>\n<p><strong><span class=\"dropcap dropcap1\">A<\/span><\/strong> Rede Oblata Brasil, formada por unidades de a\u00e7\u00e3o pastoral do Instituto das Irm\u00e3s Oblatas do Sant\u00edssimo Redentor, <strong>lan\u00e7a a revista SENSIBLA<\/strong>\u00a0com o objetivo de\u00a0sensibilizar a sociedade e as igrejas (de modo geral) sobre temas relacionados \u00e0s desigualdades e vulnerabilidades sociais que afetam as vidas das mulheres, em especial a realidade das mulheres que exercem a prostitui\u00e7\u00e3o, assistidas pela miss\u00e3o Oblata no Brasil e no mundo<strong>.\u00a0A publica\u00e7\u00e3o que ser\u00e1 bianual, na sua primeira edi\u00e7\u00e3o aborda os seguintes temas: sa\u00fade mental, a prostitui\u00e7\u00e3o e pandemia, bem como a espiritualidade Oblata e vis\u00e3o hol\u00edstica.<\/strong><\/p>\n<p>Anunciar a vida e denunciar as estruturas injustas faz parte da comunica\u00e7\u00e3o e novo horizonte da congrega\u00e7\u00e3o que, desde a aud\u00e1cia do seu carisma, se sente chamada a habitar lugares e realidades emergentes de prostitui\u00e7\u00e3o e tr\u00e1fico com fins de explora\u00e7\u00e3o sexual. Isso desafia a institui\u00e7\u00e3o e seus projetos de miss\u00e3o a deslocar-se em dire\u00e7\u00e3o \u00e0s fronteiras geogr\u00e1ficas, existenciais e virtuais.<\/p>\n<p>De acordo com L\u00facia Alves, coordenadora da Rede Oblata Brasil, a pandemia da COVID-19 deu maior visibilidade \u00e0 desigualdade social no Brasil, evidenciou a fragilidade das pol\u00edticas p\u00fablicas, sobretudo para as pessoas mais vulner\u00e1veis.\u00a0\u201cNesse cen\u00e1rio, as mulheres em contexto de prostitui\u00e7\u00e3o foram extremamente afetadas.\u00a0O adoecimento mental \u00e9 outro tema de reflex\u00e3o,\u00a0pois em grande parte est\u00e1 relacionado\u00a0com a falta de acesso aos direitos b\u00e1sicos de sobreviv\u00eancia.\u00a0Diante desse cen\u00e1rio, a espiritualidade tem sido o que nos\u00a0sustenta, d\u00e1 sentido e move nossa esperan\u00e7a em tempos de\u00a0mudan\u00e7as, transforma\u00e7\u00f5es e desafios\u201d, explica.<\/p>\n<p>Ela tamb\u00e9m conta que toda a equipe j\u00e1 est\u00e1 entusiasmada para a produ\u00e7\u00e3o da pr\u00f3xima edi\u00e7\u00e3o. A revista possui formato digital e est\u00e1 dispon\u00edvel no portal Oblata da Prov\u00edncia Sant\u00edssimo Redentor, para\u00a0<a href=\"https:\/\/www.oblatassr.org\/publicacoes\/revista-sensibla\/\" target=\"_blank\" rel=\"noopener\" data-saferedirecturl=\"https:\/\/www.google.com\/url?q=https:\/\/www.oblatassr.org\/publicacoes\/revista-sensibla\/&amp;source=gmail&amp;ust=1646492095849000&amp;usg=AOvVaw2RuNK-ZOPidlfWQEn0Mugm\">download<\/a>\u00a0ou\u00a0<a href=\"https:\/\/issuu.com\/redeoblatabrasil\/docs\/revista_sensibla_rede_oblata_2022\" target=\"_blank\" rel=\"noopener\" data-saferedirecturl=\"https:\/\/www.google.com\/url?q=https:\/\/issuu.com\/redeoblatabrasil\/docs\/revista_sensibla_rede_oblata_2022&amp;source=gmail&amp;ust=1646492095849000&amp;usg=AOvVaw19mrN6riWZm2OhLrw7Kbu8\">leitura on-line<\/a>.<\/p>\n<p><strong>Revista SENSIBLA<\/strong><\/p>\n<p>Download atrav\u00e9s do link\u00a0<a href=\"https:\/\/www.oblatassr.org\/publicacoes\/revista-sensibla\/\" target=\"_blank\" rel=\"noopener\" data-saferedirecturl=\"https:\/\/www.google.com\/url?q=https:\/\/www.oblatassr.org\/publicacoes\/revista-sensibla\/&amp;source=gmail&amp;ust=1646492095849000&amp;usg=AOvVaw2RuNK-ZOPidlfWQEn0Mugm\">https:\/\/www.oblatassr.org\/<wbr \/>publicacoes\/revista-sensibla\/<\/a>\u00a0.<\/p>\n","protected":false},"excerpt":{"rendered":"<p>Cr\u00e9dito | Imagem: Divulga\u00e7\u00e3o. A revista SENSIBLA\u00a0\u00e9 um instrumento de sensibiliza\u00e7\u00e3o e chamado \u00e0 miss\u00e3o prof\u00e9tica social A Rede Oblata Brasil, formada por unidades de a\u00e7\u00e3o pastoral do Instituto das Irm\u00e3s Oblatas do Sant\u00edssimo Redentor, lan\u00e7a a revista SENSIBLA\u00a0com o objetivo de\u00a0sensibilizar a sociedade e as igrejas (de modo geral) sobre temas relacionados \u00e0s desigualdades [&hellip;]<\/p>\n","protected":false},"author":3,"featured_media":615,"comment_status":"open","ping_status":"open","sticky":false,"template":"","format":"standard","meta":[],"categories":[171,44],"tags":[],"_links":{"self":[{"href":"http:\/\/folhaminasgerais.com.br\/index.php\/wp-json\/wp\/v2\/posts\/614"}],"collection":[{"href":"http:\/\/folhaminasgerais.com.br\/index.php\/wp-json\/wp\/v2\/posts"}],"about":[{"href":"http:\/\/folhaminasgerais.com.br\/index.php\/wp-json\/wp\/v2\/types\/post"}],"author":[{"embeddable":true,"href":"http:\/\/folhaminasgerais.com.br\/index.php\/wp-json\/wp\/v2\/users\/3"}],"replies":[{"embeddable":true,"href":"http:\/\/folhaminasgerais.com.br\/index.php\/wp-json\/wp\/v2\/comments?post=614"}],"version-history":[{"count":2,"href":"http:\/\/folhaminasgerais.com.br\/index.php\/wp-json\/wp\/v2\/posts\/614\/revisions"}],"predecessor-version":[{"id":617,"href":"http:\/\/folhaminasgerais.com.br\/index.php\/wp-json\/wp\/v2\/posts\/614\/revisions\/617"}],"wp:featuredmedia":[{"embeddable":true,"href":"http:\/\/folhaminasgerais.com.br\/index.php\/wp-json\/wp\/v2\/media\/615"}],"wp:attachment":[{"href":"http:\/\/folhaminasgerais.com.br\/index.php\/wp-json\/wp\/v2\/media?parent=614"}],"wp:term":[{"taxonomy":"category","embeddable":true,"href":"http:\/\/folhaminasgerais.com.br\/index.php\/wp-json\/wp\/v2\/categories?post=614"},{"taxonomy":"post_tag","embeddable":true,"href":"http:\/\/folhaminasgerais.com.br\/index.php\/wp-json\/wp\/v2\/tags?post=614"}],"curies":[{"name":"wp","href":"https:\/\/api.w.org\/{rel}","templated":true}]}}