{"id":643,"date":"2022-03-23T10:51:23","date_gmt":"2022-03-23T13:51:23","guid":{"rendered":"http:\/\/folhaminasgerais.com.br\/?p=643"},"modified":"2022-03-23T11:17:39","modified_gmt":"2022-03-23T14:17:39","slug":"prorrogada-a-bela-e-a-fera-experience-em-cartaz-em-bh-ate-24-de-abril","status":"publish","type":"post","link":"http:\/\/folhaminasgerais.com.br\/index.php\/2022\/03\/23\/prorrogada-a-bela-e-a-fera-experience-em-cartaz-em-bh-ate-24-de-abril\/","title":{"rendered":"PRORROGADA: A BELA E A FERA EXPERIENCE EM CARTAZ EM BH AT\u00c9 24 DE ABRIL"},"content":{"rendered":"<p><strong>Cr\u00e9dito | Imagem: Caio Gallucci.\u00a0<\/strong><\/p>\n<p style=\"font-weight: 400; text-align: center;\"><strong><em>Megaexperi\u00eancia convida para um dos bailes mais famosos dos contos de fada no Shopping Del Rey<\/em><\/strong><\/p>\n<p style=\"font-weight: 400;\"><em>\u00a0<\/em><\/p>\n<p style=\"font-weight: 400;\">Devido ao grande sucesso e a enorme procura,\u00a0<strong>A Bela e a Fera Experience<\/strong>\u00a0foi prorrogada e continua em cartaz no Shopping Del Rey at\u00e9 24 de abril. Imagine s\u00f3 assistir ao Baile Real enquanto experimenta del\u00edcias de um card\u00e1pio feito especialmente para a atra\u00e7\u00e3o? \u00c9 esse o conceito do espet\u00e1culo.<\/p>\n<p style=\"font-weight: 400;\">Ao entrar no castelo, de mais de 1.500 mts\u00b2, o visitante embarca no clima da experi\u00eancia em um\u00a0<em>foyer<\/em>\u00a0encantado perfeito para fotos. Depois, s\u00e3o convidados ao baile real, que acontece dentro do sal\u00e3o principal, onde s\u00e3o recebidos pelos funcion\u00e1rios da realeza que passar\u00e3o de mesa em mesa oferecendo o card\u00e1pio das del\u00edcias do dia j\u00e1 preparando o p\u00fablico para o in\u00edcio da segunda parte da experi\u00eancia.<\/p>\n<p style=\"font-weight: 400;\">As apresenta\u00e7\u00f5es contam a cl\u00e1ssica hist\u00f3ria, originalmente escrita pela francesa Gabrielle-Suzanne Barbot em 1740. Assim, o evento apresenta muita m\u00fasica, dan\u00e7a, teatro e ilusionismo, al\u00e9m de efeitos especiais visuais e olfativos durante todo o percurso. Tudo isso enquanto se deliciam com uma experi\u00eancia gastron\u00f4mica elaborada especialmente para o evento.<\/p>\n<p style=\"font-weight: 400;\">O figurino \u00e9 um show \u00e0 parte. Com grande riqueza de detalhes, dar\u00e3o vida e realismo aos cl\u00e1ssicos personagens Bela, Fera (que se transforma em pr\u00edncipe), Candelabro, Rel\u00f3gio e muitos outros. Toda a equipe (recepcionistas, vendedores e gar\u00e7ons) tamb\u00e9m estar\u00e1 caracterizada com figurinos de \u00e9poca para que a imers\u00e3o seja ainda mais completa.<\/p>\n<p style=\"font-weight: 400;\">Os valores de A Bela e A Fera Experience come\u00e7am a partir de R$50,00 e podem ser adquiridos pelo site\u00a0<a href=\"http:\/\/www.abelaeaferaexperience.com.br\/\" data-saferedirecturl=\"https:\/\/www.google.com\/url?q=http:\/\/www.abelaeaferaexperience.com.br&amp;source=gmail&amp;ust=1648127907370000&amp;usg=AOvVaw2fJ0fNX4AijCDSmboEz5SV\">www.abelaeaferaexperience.com.br<\/a>. O evento atende a todas as regras de higiene necess\u00e1rias para sua realiza\u00e7\u00e3o.<\/p>\n<p style=\"font-weight: 400;\"><strong>Card\u00e1pio:<\/strong><\/p>\n<p style=\"font-weight: 400;\">O card\u00e1pio \u00e9 composto de uma sele\u00e7\u00e3o variada e deliciosa de receitas com menu completo. Entre entradas, pratos principais e sobremesas, o p\u00fablico poder\u00e1 escolher op\u00e7\u00f5es que v\u00e3o desde saladas e costela ao barbecue com batatas salteadas, at\u00e9 hamb\u00fargueres tradicionais e vegetariano, massas, risotos, nhoques e parmeggianas de frango e vermelha. As sobremesas n\u00e3o ficam atr\u00e1s: s\u00e3o diversas op\u00e7\u00f5es com destaque para o bolo\u00a0<em>red velvet<\/em>\u00a0e o tradicional pudim.<\/p>\n<p style=\"font-weight: 400;\"><strong>Protocolo Covid<\/strong><\/p>\n<p style=\"font-weight: 400;\">Para acesso ao local do evento \u00e9 obrigat\u00f3rio que adultos apresentem comprovante de vacina\u00e7\u00e3o contra COVID-19 com, no m\u00ednimo, a primeira dose &#8211; f\u00edsico ou digital (dispon\u00edvel nos aplicativos conecte SUS). Crian\u00e7as n\u00e3o precisam apresentar.<\/p>\n<p style=\"font-weight: 400;\"><strong>Sobre a Chaim Entretenimento<\/strong><\/p>\n<p style=\"font-weight: 400;\">Chaim Entretenimento \u00e9 uma das maiores produtoras de entretenimento do pa\u00eds. H\u00e1 25 anos no mercado, j\u00e1 levou mais de 10 milh\u00f5es de espectadores em seus mais de 100 espet\u00e1culos, entre teatros, musicais, eventos e projetos especiais para shoppings.\u00a0<u><a href=\"http:\/\/www.chaimentretenimento.com.br\/\" data-saferedirecturl=\"https:\/\/www.google.com\/url?q=http:\/\/www.chaimentretenimento.com.br\/&amp;source=gmail&amp;ust=1648127907371000&amp;usg=AOvVaw06naZvm40P1lCXvszRi6ra\">www.chaimentretenimento.com.br<\/a><\/u><\/p>\n<p style=\"font-weight: 400;\"><strong>Servi\u00e7o<\/strong><\/p>\n<p style=\"font-weight: 400;\"><strong>A BELA E A FERA EXPERIENCE BH<\/strong><\/p>\n<p style=\"font-weight: 400;\"><strong>Local:<\/strong>\u00a0Estacionamento Shopping Del Rey<br \/>\nAv. Presidente Carlos Luz, 3001 &#8211; Pampulha, Belo Horizonte &#8211; MG<\/p>\n<p style=\"font-weight: 400;\"><strong>Sess\u00f5es<br \/>\n<\/strong><\/p>\n<p style=\"font-weight: 400;\"><strong>Prorrogadas At\u00e9 24 de abril<\/strong><\/p>\n<p style=\"font-weight: 400;\">Quintas e Sextas \u2013 18h e 20h<br \/>\nS\u00e1bados e Domingos \u2013 10h30, 13h, 15h, 17h, 19 e 21h<\/p>\n<p style=\"font-weight: 400;\"><em>Obs.: Sess\u00f5es extras poder\u00e3o ser abertas conforme demanda.<\/em><\/p>\n<p style=\"font-weight: 400;\"><strong>Valores<\/strong><\/p>\n<table width=\"519\">\n<tbody>\n<tr>\n<td width=\"185\"><strong>Cart\u00f5es<\/strong><\/td>\n<td width=\"149\"><strong>Quintas e sextas<\/strong><\/td>\n<td width=\"184\"><strong>S\u00e1bados e Domingos<\/strong><\/td>\n<\/tr>\n<tr>\n<td width=\"185\">Couvert<\/td>\n<td width=\"149\">R$ 50,00<\/td>\n<td width=\"184\">R$ 60,00<\/td>\n<\/tr>\n<tr>\n<td width=\"185\">Couvert + Consuma\u00e7\u00e3o<\/td>\n<td width=\"149\">R$ 80 (R$ 35 Couvert + R$ 45 consuma\u00e7\u00e3o)<\/td>\n<td width=\"184\">R$ 90,00 (R$ 45,00 couvert + R$ 45 consuma\u00e7\u00e3o)<\/td>\n<\/tr>\n<\/tbody>\n<\/table>\n<p style=\"font-weight: 400;\"><strong>\u00a0<\/strong><\/p>\n<p style=\"font-weight: 400;\"><strong>Vendas:<\/strong>\u00a0<a href=\"http:\/\/www.abelaeaferaexperience.com.br\/\" data-saferedirecturl=\"https:\/\/www.google.com\/url?q=http:\/\/www.abelaeaferaexperience.com.br&amp;source=gmail&amp;ust=1648127907371000&amp;usg=AOvVaw0aT9c_3byqr7oHOuF58l8V\">www.abelaeaferaexperience.com.br<\/a><\/p>\n<p style=\"font-weight: 400;\"><strong>Classifica\u00e7\u00e3o Et\u00e1ria:<\/strong>\u00a0Livre<\/p>\n<p style=\"font-weight: 400;\"><strong>Capacidade:<\/strong>\u00a0300 lugares<\/p>\n<p style=\"font-weight: 400;\"><strong>Dura\u00e7\u00e3o:<\/strong>\u00a075 minutos<\/p>\n<p style=\"font-weight: 400;\"><em>Obs.: O card\u00e1pio pode sofrer algumas altera\u00e7\u00f5es sem aviso pr\u00e9vio.<\/em><\/p>\n<p style=\"font-weight: 400;\"><strong><em>Cr\u00e9dito das imagens:\u00a0<\/em><\/strong><em>Caio Gallucci &#8211;\u00a0<a href=\"https:\/\/tinyurl.com\/u6hsthx9\" data-saferedirecturl=\"https:\/\/www.google.com\/url?q=https:\/\/tinyurl.com\/u6hsthx9&amp;source=gmail&amp;ust=1648127907371000&amp;usg=AOvVaw0U-MOWrBPubvSKqNbOZ3xQ\">https:\/\/tinyurl.com\/u6hsthx9<\/a><\/em><\/p>\n","protected":false},"excerpt":{"rendered":"<p>Cr\u00e9dito | Imagem: Caio Gallucci.\u00a0 Megaexperi\u00eancia convida para um dos bailes mais famosos dos contos de fada no Shopping Del Rey \u00a0 Devido ao grande sucesso e a enorme procura,\u00a0A Bela e a Fera Experience\u00a0foi prorrogada e continua em cartaz no Shopping Del Rey at\u00e9 24 de abril. Imagine s\u00f3 assistir ao Baile Real enquanto [&hellip;]<\/p>\n","protected":false},"author":3,"featured_media":647,"comment_status":"open","ping_status":"open","sticky":false,"template":"","format":"standard","meta":[],"categories":[1],"tags":[],"_links":{"self":[{"href":"http:\/\/folhaminasgerais.com.br\/index.php\/wp-json\/wp\/v2\/posts\/643"}],"collection":[{"href":"http:\/\/folhaminasgerais.com.br\/index.php\/wp-json\/wp\/v2\/posts"}],"about":[{"href":"http:\/\/folhaminasgerais.com.br\/index.php\/wp-json\/wp\/v2\/types\/post"}],"author":[{"embeddable":true,"href":"http:\/\/folhaminasgerais.com.br\/index.php\/wp-json\/wp\/v2\/users\/3"}],"replies":[{"embeddable":true,"href":"http:\/\/folhaminasgerais.com.br\/index.php\/wp-json\/wp\/v2\/comments?post=643"}],"version-history":[{"count":2,"href":"http:\/\/folhaminasgerais.com.br\/index.php\/wp-json\/wp\/v2\/posts\/643\/revisions"}],"predecessor-version":[{"id":646,"href":"http:\/\/folhaminasgerais.com.br\/index.php\/wp-json\/wp\/v2\/posts\/643\/revisions\/646"}],"wp:featuredmedia":[{"embeddable":true,"href":"http:\/\/folhaminasgerais.com.br\/index.php\/wp-json\/wp\/v2\/media\/647"}],"wp:attachment":[{"href":"http:\/\/folhaminasgerais.com.br\/index.php\/wp-json\/wp\/v2\/media?parent=643"}],"wp:term":[{"taxonomy":"category","embeddable":true,"href":"http:\/\/folhaminasgerais.com.br\/index.php\/wp-json\/wp\/v2\/categories?post=643"},{"taxonomy":"post_tag","embeddable":true,"href":"http:\/\/folhaminasgerais.com.br\/index.php\/wp-json\/wp\/v2\/tags?post=643"}],"curies":[{"name":"wp","href":"https:\/\/api.w.org\/{rel}","templated":true}]}}