{"id":832,"date":"2022-07-29T09:16:04","date_gmt":"2022-07-29T12:16:04","guid":{"rendered":"http:\/\/folhaminasgerais.com.br\/?p=832"},"modified":"2022-07-29T09:29:53","modified_gmt":"2022-07-29T12:29:53","slug":"juiz-de-fora-recebe-1a-edicao-do-festival-dia-de-rock","status":"publish","type":"post","link":"http:\/\/folhaminasgerais.com.br\/index.php\/2022\/07\/29\/juiz-de-fora-recebe-1a-edicao-do-festival-dia-de-rock\/","title":{"rendered":"Juiz de Fora recebe 1\u00aa edi\u00e7\u00e3o do Festival Dia de Rock"},"content":{"rendered":"<p><strong>Fulgaz &#8211; Divulga\u00e7\u00e3o.<\/strong><\/p>\n<p style=\"font-weight: 400; text-align: center;\"><strong><i>Evento acontece nos dias 6 e 7 de agosto e conta com bandas do g\u00eanero musical<\/i><\/strong><\/p>\n<p style=\"font-weight: 400;\">Juiz de Fora (MG) est\u00e1 prestes a fortalecer a sua tradi\u00e7\u00e3o no Rock\u2019n\u2019Roll. Nos dias 6 e 7 de agosto acontece o Festival Dia de Rock com bandas que t\u00eam o g\u00eanero na veia. A Pra\u00e7a Dr. Jo\u00e3o Penido (Pra\u00e7a da Esta\u00e7\u00e3o) se transforma para receber v\u00e1rios nomes da cena musical. A entrada \u00e9 gratuita e n\u00e3o \u00e9 necess\u00e1rio retirar ingresso previamente.<\/p>\n<p style=\"font-weight: 400;\">S\u00e3o dois dias intensos de programa\u00e7\u00e3o, com bandas que tocam desde os cl\u00e1ssicos do Rock at\u00e9 m\u00fasicas autorais. No dia 6 de agosto, a programa\u00e7\u00e3o do Festival Dia de Rock conta com shows de v\u00e1rias bandas como Basement Tracks, Veneci, Martiataka, M\u00e1rcio Mello, Electric Mood e Trupicada (infantil). J\u00e1 no dia 7, quem sobe ao palco \u00e9 The Coockers, Scarc\u00e9us, Fulgaz, Bauxita E Lurex.<\/p>\n<p style=\"font-weight: 400;\">Al\u00e9m das atra\u00e7\u00f5es, a grade de atra\u00e7\u00f5es de cada dia conta com quatro grupos da cidade, na Mostra de Bandas, de maneira que a cena local possa ser valorizada e mais pessoas conhe\u00e7am a rica produ\u00e7\u00e3o de Juiz de Fora.<\/p>\n<p style=\"font-weight: 400;\">Para o curador do Festival, Pedro Crivellari, Juiz de Fora \u00e9 uma cena viva e produtiva com artistas consagrados e uma grande ascens\u00e3o de novos nomes da arte, por isso foi escolhida para a realiza\u00e7\u00e3o. \u201c\u00c9 uma cidade din\u00e2mica e muito diversificada. O que falta, \u00e9 o que justamente estamos fazendo, promover uma estrutura para que essas cenas possam se apresentar a um p\u00fablico maior, em um grande festival&#8221;, explica.<\/p>\n<p style=\"font-weight: 400;\">O projeto tem como objetivo realizar um grande evento em celebra\u00e7\u00e3o ao Rock, g\u00eanero que revolucionou e revoluciona a m\u00fasica, a cultura e o comportamento de diversas gera\u00e7\u00f5es. Daniel Moura, um dos organizadores do evento, cita Jimi Hendrix, \u201cA m\u00fasica n\u00e3o mente. Se tem algo a ser mudado neste mundo, isso s\u00f3 vai ser poss\u00edvel atrav\u00e9s da m\u00fasica\u201d. Para ele \u201c\u00c9 atrav\u00e9s da m\u00fasica que vamos trilhar nosso caminho para mudar o mundo. Essa \u00e9 a raz\u00e3o da exist\u00eancia do Projeto Dia de Rock. A origem do nosso movimento \u00e9 simples, sincera, e puro Rock\u2019n\u2019Roll. Buscando ampliar os limites dessa paix\u00e3o, imprimindo efetivamente a marca do Rock na cidade de Juiz de Fora, o Dia de Rock prop\u00f5e uma celebra\u00e7\u00e3o in\u00e9dita na regi\u00e3o\u201d, completa.<\/p>\n<p style=\"font-weight: 400;\">Al\u00e9m das apresenta\u00e7\u00f5es, o Festival tem um compromisso tamb\u00e9m com a democratiza\u00e7\u00e3o e forma\u00e7\u00e3o musical. Por isso, ser\u00e3o realizados dois Workshops, um de Guitarra com L\u00facio Maia, do Na\u00e7\u00e3o Zumbi, e outro de Contrabaixo, com Marcelo Castro, m\u00fasico de Juiz de Fora. As atividades s\u00e3o gratuitas, em plataforma digital, com ampla\u00a0possibilidade de beneficiar p\u00fablico de baixa renda e tamb\u00e9m pessoas em outras localidades.<\/p>\n<p style=\"font-weight: 400;\">O evento conta tamb\u00e9m com ampla infraestrutura para atender o p\u00fablico no que diz respeito \u00e0 bares e gastronomia. Em rela\u00e7\u00e3o a bebidas, a ideia \u00e9 levar uma cervejaria local para operar os bares, j\u00e1 que Juiz de Fora \u00e9 um polo efervescente de cervejarias artesanais. Al\u00e9m disso, haver\u00e1 lanches como hamb\u00fargueres\u00a0tradicionais da cidade, o famoso torresmo do Bar do Bigode e muitas outras op\u00e7\u00f5es.<\/p>\n<p style=\"font-weight: 400;\">\u00a0O Festival Dia de Rock \u00e9 realizado por meio da Lei Estadual de Incentivo \u00e0 Cultura de Minas Gerais com patroc\u00ednio da Claro, apoio da Cervejaria S\u00e3o Bartolomeu e do Zine Cultural.<\/p>\n<p style=\"font-weight: 400;\"><strong><u>\u00a0<\/u><\/strong><\/p>\n<p style=\"font-weight: 400;\"><strong><u>SERVI\u00c7O:<\/u><\/strong><\/p>\n<p style=\"font-weight: 400;\"><strong>Festival Dia de Rock<\/strong><\/p>\n<p style=\"font-weight: 400;\"><strong>Datas<\/strong>: 6 e 7 de agosto<\/p>\n<p style=\"font-weight: 400;\"><strong>Hor\u00e1rio:<\/strong>\u00a0S\u00e1bado a partir das 13h \/ Domingo a partir das 12h<\/p>\n<p style=\"font-weight: 400;\"><strong>Local:\u00a0<\/strong>Pra\u00e7a Dr. Jo\u00e3o Penido (Pra\u00e7a da Esta\u00e7\u00e3o) &#8211; Av. Francisco Bernardino, 5 &#8211; Centro, Juiz de Fora &#8211; MG<\/p>\n<p style=\"font-weight: 400;\"><strong>Ingressos:\u00a0<\/strong>Entrada gratuita<\/p>\n<p style=\"font-weight: 400;\"><strong>Mais informa\u00e7\u00f5es:<\/strong>\u00a0<a href=\"https:\/\/www.instagram.com\/odiaderock\/\" data-saferedirecturl=\"https:\/\/www.google.com\/url?q=https:\/\/www.instagram.com\/odiaderock\/&amp;source=gmail&amp;ust=1659181314443000&amp;usg=AOvVaw3Og5VNWFpr3QX1yY9tsPHU\">https:\/\/www.instagram.com\/odiaderock\/<\/a><\/p>\n","protected":false},"excerpt":{"rendered":"<p>Fulgaz &#8211; Divulga\u00e7\u00e3o. Evento acontece nos dias 6 e 7 de agosto e conta com bandas do g\u00eanero musical Juiz de Fora (MG) est\u00e1 prestes a fortalecer a sua tradi\u00e7\u00e3o no Rock\u2019n\u2019Roll. Nos dias 6 e 7 de agosto acontece o Festival Dia de Rock com bandas que t\u00eam o g\u00eanero na veia. A Pra\u00e7a [&hellip;]<\/p>\n","protected":false},"author":3,"featured_media":836,"comment_status":"open","ping_status":"open","sticky":true,"template":"","format":"standard","meta":[],"categories":[171],"tags":[],"_links":{"self":[{"href":"http:\/\/folhaminasgerais.com.br\/index.php\/wp-json\/wp\/v2\/posts\/832"}],"collection":[{"href":"http:\/\/folhaminasgerais.com.br\/index.php\/wp-json\/wp\/v2\/posts"}],"about":[{"href":"http:\/\/folhaminasgerais.com.br\/index.php\/wp-json\/wp\/v2\/types\/post"}],"author":[{"embeddable":true,"href":"http:\/\/folhaminasgerais.com.br\/index.php\/wp-json\/wp\/v2\/users\/3"}],"replies":[{"embeddable":true,"href":"http:\/\/folhaminasgerais.com.br\/index.php\/wp-json\/wp\/v2\/comments?post=832"}],"version-history":[{"count":4,"href":"http:\/\/folhaminasgerais.com.br\/index.php\/wp-json\/wp\/v2\/posts\/832\/revisions"}],"predecessor-version":[{"id":838,"href":"http:\/\/folhaminasgerais.com.br\/index.php\/wp-json\/wp\/v2\/posts\/832\/revisions\/838"}],"wp:featuredmedia":[{"embeddable":true,"href":"http:\/\/folhaminasgerais.com.br\/index.php\/wp-json\/wp\/v2\/media\/836"}],"wp:attachment":[{"href":"http:\/\/folhaminasgerais.com.br\/index.php\/wp-json\/wp\/v2\/media?parent=832"}],"wp:term":[{"taxonomy":"category","embeddable":true,"href":"http:\/\/folhaminasgerais.com.br\/index.php\/wp-json\/wp\/v2\/categories?post=832"},{"taxonomy":"post_tag","embeddable":true,"href":"http:\/\/folhaminasgerais.com.br\/index.php\/wp-json\/wp\/v2\/tags?post=832"}],"curies":[{"name":"wp","href":"https:\/\/api.w.org\/{rel}","templated":true}]}}