{"id":854,"date":"2022-08-04T11:50:41","date_gmt":"2022-08-04T14:50:41","guid":{"rendered":"http:\/\/folhaminasgerais.com.br\/?p=854"},"modified":"2022-08-04T12:07:16","modified_gmt":"2022-08-04T15:07:16","slug":"cia-luna-flamenca-apresenta-alumiar-sou-flamenco-sou-minas-gerais","status":"publish","type":"post","link":"http:\/\/folhaminasgerais.com.br\/index.php\/2022\/08\/04\/cia-luna-flamenca-apresenta-alumiar-sou-flamenco-sou-minas-gerais\/","title":{"rendered":"CIA LUNA FLAMENCA APRESENTA \u201cALUMIAR \u2013 SOU FLAMENCO, SOU MINAS GERAIS\u201d"},"content":{"rendered":"<p><strong>Luna &#8211; Foto: Luis Bicalho.<\/strong><\/p>\n<p style=\"font-weight: 400; text-align: center;\"><strong><em>Espet\u00e1culo fala sobre a cultura de Minas Gerais, contando suas hist\u00f3rias atrav\u00e9s da dan\u00e7a e m\u00fasica flamencas<\/em><\/strong><\/p>\n<p style=\"font-weight: 400;\"><strong>\u00a0<\/strong><\/p>\n<p class=\"pk-dropcap pk-dropcap-borders\" style=\"font-weight: 400;\"><strong>O<\/strong> que a m\u00fasica e a dan\u00e7a flamencas tem a ver com a cultura de Minas Gerais? Esse \u00e9 o mote do espet\u00e1culo \u201cAlumiar \u2013 Sou Flamenco, Sou Minas Gerais\u201d, que a Cia Luna Flamenco apresenta no Teatro Sesiminas, nos dias 13 e 14 de agosto.<\/p>\n<p style=\"font-weight: 400;\">O espet\u00e1culo fala sobre a cultura do nosso estado, contando suas hist\u00f3rias atrav\u00e9s da dan\u00e7a e m\u00fasica flamencas, mescladas pela poesia e musicalidade de Minas.<\/p>\n<p style=\"font-weight: 400;\">\u201cO flamenco \u00e9 uma arte universal, intensa e rica de possibilidades. Em Alumiar, une-se \u00e0 cultura mineira, cheia de afeto e expressividade. Esse encontro ser\u00e1 emocionante e inesquec\u00edvel\u201d, comenta a diretora do espet\u00e1culo e da Cia, Anita Pires.<\/p>\n<p style=\"font-weight: 400;\">A ideia surgiu em 2020. \u201cFazia caminhadas durante o auge da pandemia e, nesse momento em que ficava sozinha, ouvia m\u00fasica. Uma vez tocou \u201cCais\u201d, do Milton Nascimento\/Clube da Esquina, lind\u00edssima, e na hora me transportou, me fez ter a ideia de um espet\u00e1culo homenageando a cultura mineira. A partir da\u00ed, minhas caminhadas se transformaram em laborat\u00f3rios de pesquisa. Fui ouvindo mais m\u00fasicas e encontrando as refer\u00eancias que linkassem as duas culturas \u2013 mineira e flamenca, como as lavadeiras do rio que cantam, por exemplo\u201d, conta Anita.<\/p>\n<p style=\"font-weight: 400;\">No fim, a diretora acabou encontrando muitas coisas em comum entre as duas culturas, que s\u00e3o ambas culturas do povo. E a\u00ed, o espet\u00e1culo foi nascendo. \u201cConvoquei o Micael Pancr\u00e1cio, doutorando em etnomusicologia do flamenco, um dos principais guitarristas de flamenco do Brasil hoje, e fomos montando todo o script\u201d, diz.<\/p>\n<p style=\"font-weight: 400;\">O espet\u00e1culo tem cinco atos: A Seresteira, abordando as serestas; A Lavadeira, sobre as lavadeiras dos rios; A Cozinheira, homenageando a culin\u00e1ria, a natureza e a terra em Minas \u2013 abordando inclusive o tema da Serra do Curral usando a arte como servi\u00e7o; A Bordadeira, sobre a tradi\u00e7\u00e3o do bordado, desde a colheita do algod\u00e3o; e a Benzedeira \u2013 \u201cas festas religiosas em Minas come\u00e7am nas igrejas e terminam nas pra\u00e7as com as quermesses e vamos trazer isso para o espet\u00e1culo, homenageando o folclore mineiro\u201d, conta Anita.<\/p>\n<p style=\"font-weight: 400;\">E n\u00e3o \u00e9 s\u00f3 isso: os espet\u00e1culos de flamenco, ao final, sempre trazem um momento chamado \u201cjuerga\u201d. Alumiar trar\u00e1 uma super juerga, um musical especialmente criado, nesse show, para todos os mineiros.<\/p>\n<p style=\"font-weight: 400;\">Alumiar contar\u00e1, tamb\u00e9m, com a participa\u00e7\u00e3o especial de dois grandes nomes da m\u00fasica feita aqui: Ladston do Nascimento e Saulo Laranjeira \u2013 narrador do espet\u00e1culo que vai declamar poesias originais do livro \u201cDas muitas formas de dizer o tempo\u201d, da poetisa Adri Aleixo, natural de Conselheiro Lafaiete.<\/p>\n<p style=\"font-weight: 400;\">A parte musical conta com arranjos primorosos para flauta, percuss\u00e3o, guitarra, viola caipira, palmas e vozes, especialmente criados pelo diretor musical,\u00a0Micael Pancr\u00e1cio. Para completar, o corpo de baile\u00a0\u00e9 composto pela\u00a0Companhia de Dan\u00e7a Luna Flamenca, formado por Anita Pires \u2013 que tamb\u00e9m \u00e9 bailarina, Carla Faria, Catarina Marra, Clara Oliveira, Cristina Aguiar, Dani Carneiro, Giovanna Alonso, Mayara Peres, M\u00f4nica Lazzarini, Priscilla Queiroz e Sol Zofiro.<\/p>\n<p style=\"font-weight: 400;\"><strong>Dire\u00e7\u00e3o geral &#8211; Anita Pires<\/strong><br \/>\nBailaora, professora e core\u00f3grafa de Flamenco, produtora cultural e diretora, arquiteta e designer pela UFMG. Anita Pires iniciou os estudos da arte em 1999 e desde ent\u00e3o se dedica \u00e0 dan\u00e7a. Estudou com grandes maestros nacionais e internacionais, como Inmaculada Ortega, Jos\u00e9 Merc\u00e9, El Farru, El Carpeta, Miguel Alonso, Talita Sanchez, Miri Galeano e Mariana Abreu. Anita produz e dirige tablaos e shows e est\u00e1 \u00e0 frente da Cia Luna Flamenca, grupo profissional de desenvolvimento t\u00e9cnico, coreogr\u00e1fico e montagem de espet\u00e1culos.<\/p>\n<p style=\"font-weight: 400;\"><strong>Diretor musical &#8211; Micael Pancr\u00e1cio<\/strong><br \/>\nDoutorando e mestre em etnomusicologia pela UNICAMP, licenciado em m\u00fasica pelo Claretiano-SP e bacharel em viol\u00e3o pela UEMG, Micael Pancr\u00e1cio estudou com violinistas eruditos de renome internacional, como Eduarto Isaac (Argentina) e Mario Ulloa (Costa Rita) e grandes maestros da guitarra flamenca, como \u201cEl Entri\u201d, Aquilino Jimenez e Antonio Rey (Madrid), Andr\u00e9s Hern\u00e1ndez \u201cPituquete\u201d (Chile), Jorge \u201cEl Pisao\u201d (Granada). Atuou junto a v\u00e1rios artistas nacionais e internacionais nos principais eventos da cena flamenca brasileira, \u00e9 diretor musical da Luna Flamenca e diretor cultural da Pe\u00f1a Flamenca Brasil.<\/p>\n<p style=\"font-weight: 400;\"><strong>Cia Luna Flamenca<\/strong><\/p>\n<p style=\"font-weight: 400;\">Fundada em dezembro de 2015, a Luna Flamenca \u00e9 uma casa de cultura e arte, pesquisa, ensino, desenvolvimento, produ\u00e7\u00e3o de espet\u00e1culos e shows de dan\u00e7a e m\u00fasica flamencas. Dirigida pela bailaora Anita Pires, a Luna j\u00e1 produziu diversos shows e espet\u00e1culos em espa\u00e7os como Teatro Izabela Hendrix, Sala Juvenal Dias, Teatro de Bolso Sesiminas, Teatro da Ma\u00e7onaria, sempre trazendo a cultura flamenca para o p\u00fablico de Belo Horizonte. Al\u00e9m da produ\u00e7\u00e3o de shows, a Luna oferece tamb\u00e9m o ensino da dan\u00e7a, sempre aliado ao ensino da m\u00fasica, com acompanhamento de guitarra flamenca ao vivo. Regularmente, recebe profissionais renomados de todo Brasil para workshops e show<\/p>\n<p style=\"font-weight: 400;\"><strong>Servi\u00e7o<br \/>\n\u201cAlumiar \u2013 Sou Flamenco, Sou Minas Gerais\u201d<br \/>\nCompanhia de Dan\u00e7a Luna Flamenca<\/strong><br \/>\n<strong>Datas:<\/strong>\u00a013 e 14 de agosto<\/p>\n<p style=\"font-weight: 400;\">S\u00e1bado, 20h<\/p>\n<p style=\"font-weight: 400;\">Domingo, 19h<br \/>\n<strong>Local:<\/strong>\u00a0Teatro Sesiminas<br \/>\nRua Padre Marinho, 60, Santa Efig\u00eania, Belo Horizonte\/MG<br \/>\n<strong>Ingressos:<\/strong>\u00a0R$70,00 &#8211; inteira e R$35,00 &#8211; meia entrada<\/p>\n<p style=\"font-weight: 400;\">Na bilheteria do teatro ou via\u00a0<a href=\"https:\/\/bileto.sympla.com.br\/event\/72830\/d\/135692\" data-saferedirecturl=\"https:\/\/www.google.com\/url?q=https:\/\/bileto.sympla.com.br\/event\/72830\/d\/135692&amp;source=gmail&amp;ust=1659618225065000&amp;usg=AOvVaw3tYjKKec6qwugRC-IAFh1U\">Sympla<\/a><a href=\"http:\/\/%20\/\" data-saferedirecturl=\"https:\/\/www.google.com\/url?q=http:\/\/%2520&amp;source=gmail&amp;ust=1659618225065000&amp;usg=AOvVaw0N7Of-BxiVdP9bdBhAL_gX\">\u00a0<\/a><u>\u00a0<\/u><\/p>\n<p style=\"font-weight: 400;\"><strong>Fotos para a imprensa:\u00a0<\/strong><a href=\"https:\/\/drive.google.com\/drive\/folders\/1Qob6vOK2HNAQIcGj22pHbzdgtNQO3tht?usp=sharing\" data-saferedirecturl=\"https:\/\/www.google.com\/url?q=https:\/\/drive.google.com\/drive\/folders\/1Qob6vOK2HNAQIcGj22pHbzdgtNQO3tht?usp%3Dsharing&amp;source=gmail&amp;ust=1659618225065000&amp;usg=AOvVaw29n-Av94fQ7OP6gXMG8GMk\">https:\/\/drive.google.com\/drive\/folders\/1Qob6vOK2HNAQIcGj22pHbzdgtNQO3tht?usp=sharing<\/a><\/p>\n<p style=\"font-weight: 400;\"><strong>\u00a0<\/strong><\/p>\n<p style=\"font-weight: 400;\"><strong>Ficha T\u00e9cnica<\/strong><\/p>\n<p style=\"font-weight: 400;\"><strong>M\u00fasica:<\/strong><\/p>\n<p style=\"font-weight: 400;\">Micael Pancr\u00e1cio \u2013 guitarra flamenca<\/p>\n<p style=\"font-weight: 400;\">Shari Simpson \u2013 flauta<\/p>\n<p style=\"font-weight: 400;\">Jack Will \u2013 percuss\u00e3o<\/p>\n<p style=\"font-weight: 400;\">Jef de Lima \u2013 cante flamenco e viola caipira<\/p>\n<p style=\"font-weight: 400;\">Ladston do Nascimento \u2013 canto<\/p>\n<p style=\"font-weight: 400;\">Bella Lyra \u2013 palmas<\/p>\n<p style=\"font-weight: 400;\">Renata Furtado \u2013 palmas<\/p>\n<p style=\"font-weight: 400;\">Thamiris Ladeira \u2013 palmas<\/p>\n<p style=\"font-weight: 400;\"><strong>Dire\u00e7\u00e3o musical:<\/strong>\u00a0Micael Pancr\u00e1cio<\/p>\n<p style=\"font-weight: 400;\"><strong>Bailarinas<\/strong><br \/>\nAnita Pires<br \/>\nCarla Faria<br \/>\nCatarina Marra<br \/>\nClara Oliveira<br \/>\nCristina Aguiar<br \/>\nDani Carneiro<br \/>\nGiovanna Alonso<br \/>\nMayara Peres<br \/>\nM\u00f4nica Lazzarini<br \/>\nPriscilla Queiroz<br \/>\nSol Zofiro<\/p>\n<p style=\"font-weight: 400;\"><strong>Dire\u00e7\u00e3o geral:<\/strong>\u00a0Anita Pires<\/p>\n<p style=\"font-weight: 400;\"><strong>Design de ilumina\u00e7\u00e3o:<\/strong>\u00a0Joana D\u2019arc<\/p>\n<p style=\"font-weight: 400;\"><strong>Som:<\/strong>\u00a0Rog\u00e9rio Sena<\/p>\n<p style=\"font-weight: 400;\"><strong>Maquiartista:<\/strong>\u00a0Sol Zofiro<\/p>\n<p style=\"font-weight: 400;\"><strong>Cenografia:<\/strong>\u00a0Anita Pires e Nath\u00e1lia Azevedo<\/p>\n<p style=\"font-weight: 400;\"><strong>Figurino:<\/strong>\u00a0Lunares Flamenco<\/p>\n<p style=\"font-weight: 400;\"><strong>Sapatos:<\/strong>\u00a0Feitoria Acess\u00f3rios<br \/>\n<strong>Textos:<\/strong>\u00a0M\u00f4nica Pires<\/p>\n<p style=\"font-weight: 400;\"><strong>Fotografia:<\/strong>\u00a0Lu\u00eds Bicalho e Cl\u00e1udio Luis<\/p>\n<p style=\"font-weight: 400;\"><strong>Roteiro:<\/strong>\u00a0Anita Pires<\/p>\n","protected":false},"excerpt":{"rendered":"<p>Luna &#8211; Foto: Luis Bicalho. Espet\u00e1culo fala sobre a cultura de Minas Gerais, contando suas hist\u00f3rias atrav\u00e9s da dan\u00e7a e m\u00fasica flamencas \u00a0 O que a m\u00fasica e a dan\u00e7a flamencas tem a ver com a cultura de Minas Gerais? Esse \u00e9 o mote do espet\u00e1culo \u201cAlumiar \u2013 Sou Flamenco, Sou Minas Gerais\u201d, que a [&hellip;]<\/p>\n","protected":false},"author":3,"featured_media":856,"comment_status":"open","ping_status":"open","sticky":false,"template":"","format":"standard","meta":[],"categories":[168],"tags":[221,222],"_links":{"self":[{"href":"http:\/\/folhaminasgerais.com.br\/index.php\/wp-json\/wp\/v2\/posts\/854"}],"collection":[{"href":"http:\/\/folhaminasgerais.com.br\/index.php\/wp-json\/wp\/v2\/posts"}],"about":[{"href":"http:\/\/folhaminasgerais.com.br\/index.php\/wp-json\/wp\/v2\/types\/post"}],"author":[{"embeddable":true,"href":"http:\/\/folhaminasgerais.com.br\/index.php\/wp-json\/wp\/v2\/users\/3"}],"replies":[{"embeddable":true,"href":"http:\/\/folhaminasgerais.com.br\/index.php\/wp-json\/wp\/v2\/comments?post=854"}],"version-history":[{"count":1,"href":"http:\/\/folhaminasgerais.com.br\/index.php\/wp-json\/wp\/v2\/posts\/854\/revisions"}],"predecessor-version":[{"id":857,"href":"http:\/\/folhaminasgerais.com.br\/index.php\/wp-json\/wp\/v2\/posts\/854\/revisions\/857"}],"wp:featuredmedia":[{"embeddable":true,"href":"http:\/\/folhaminasgerais.com.br\/index.php\/wp-json\/wp\/v2\/media\/856"}],"wp:attachment":[{"href":"http:\/\/folhaminasgerais.com.br\/index.php\/wp-json\/wp\/v2\/media?parent=854"}],"wp:term":[{"taxonomy":"category","embeddable":true,"href":"http:\/\/folhaminasgerais.com.br\/index.php\/wp-json\/wp\/v2\/categories?post=854"},{"taxonomy":"post_tag","embeddable":true,"href":"http:\/\/folhaminasgerais.com.br\/index.php\/wp-json\/wp\/v2\/tags?post=854"}],"curies":[{"name":"wp","href":"https:\/\/api.w.org\/{rel}","templated":true}]}}