{"id":871,"date":"2022-08-09T16:49:55","date_gmt":"2022-08-09T19:49:55","guid":{"rendered":"http:\/\/folhaminasgerais.com.br\/?p=871"},"modified":"2022-08-09T16:54:09","modified_gmt":"2022-08-09T19:54:09","slug":"7o-festival-verbo-gentileza-sera-de-19-a-21-de-agosto-na-praca-floriano-peixoto-com-o-tema-respirar-regenerar","status":"publish","type":"post","link":"http:\/\/folhaminasgerais.com.br\/index.php\/2022\/08\/09\/7o-festival-verbo-gentileza-sera-de-19-a-21-de-agosto-na-praca-floriano-peixoto-com-o-tema-respirar-regenerar\/","title":{"rendered":"7\u00ba \u201cFestival Verbo Gentileza\u201d ser\u00e1 de 19 a 21 de agosto, na Pra\u00e7a Floriano Peixoto, com o tema \u201cRespirar &#038; Regenerar\u201d"},"content":{"rendered":"<p><strong>Festival Verbogentileza &#8211; cr\u00e9dito &#8211; Giovanny S\u00e1.\u00a0<\/strong><\/p>\n<p style=\"font-weight: 400; text-align: center;\"><strong><i>Atra\u00e7\u00f5es ser\u00e3o transmitidas tamb\u00e9m via streaming, potencializando ainda mais os di\u00e1logos propostos pelo Festival<\/i><\/strong><\/p>\n<p style=\"font-weight: 400;\">Se respirar nos fortalece, regenerar nos realiza. \u00c9 a partir dessa premissa que o\u00a0<strong>Festival Verbo Gentileza<\/strong>\u00a0chega \u00e0 sua 7\u00aa edi\u00e7\u00e3o com o tema \u201cRespirar &amp; Regenerar\u201d. A\u00a0<strong>Pra\u00e7a Floriano Peixoto<\/strong>, espa\u00e7o p\u00fablico e democr\u00e1tico que sempre foi ocupado pelas pessoas, \u00e9 mais uma vez palco para o evento. Ao longo dos dias\u00a0<strong>19, 20 e 21 de agosto<\/strong>, o p\u00fablico encontrar\u00e1 uma programa\u00e7\u00e3o repleta de\u00a0<em>shows<\/em>, viv\u00eancias, rodas de conversa e tamb\u00e9m expositores de artesanato, al\u00e9m de\u00a0<em>food bikes<\/em>\u00a0e\u00a0<em>food trucks<\/em>. A participa\u00e7\u00e3o \u00e9 gratuita e acess\u00edvel em libras. Tudo ser\u00e1 gravado e legendado no YouTube e todas as pe\u00e7as trazem a legenda #paratodosverem. A frente do palco est\u00e1 preparada para ser ocupada pela comunidade surda e cadeirante.<\/p>\n<p style=\"font-weight: 400;\">O Festival, que sempre foi uma ponte entre a inspira\u00e7\u00e3o e a a\u00e7\u00e3o, nasceu como proposta de mudan\u00e7a e transforma\u00e7\u00e3o sobre as formas de viver em coletivo, principalmente nos grandes centros urbanos. Ap\u00f3s o per\u00edodo mais dif\u00edcil da pandemia e das pausas necess\u00e1rias, ainda dif\u00edceis e desafiadoras, chega o momento de respirar novamente, promover novos encontros e regenerar.<\/p>\n<p style=\"font-weight: 400;\">\u201cAndo pelo mundo afora, adoro ver culturas diferentes, absorver novas formas, sentir o desenrolar do planeta e o reverberar dentro de mim! Dessa percep\u00e7\u00e3o saem os verbos normalmente que est\u00e3o me afligindo, ent\u00e3o fa\u00e7o pesquisas, porque n\u00e3o \u00e9 sobre mim, mas sobre refletir se o que estou sentindo faz parte de um sentimento coletivo. \u00c0s vezes, me pergunto:\u00a0<em>minhas \u2018percep\u00e7\u00f5es s\u00e3o entendidas, fazem sentido<\/em>?\u2019 Isso tudo causa ang\u00fastia e, nestes tempos entendi, TODOS temos ang\u00fastia e a busca por felicidade \u00e9 quase infantil. Ent\u00e3o busco a presen\u00e7a e, no presente, se o Verbo Gentileza ajudar algumas pessoas a refletir e aprender sobre respirar e regenerar, j\u00e1 me darei por satisfeita em 2022\u201d, reflete Patr\u00edcia Tavares, idealizadora do projeto.<\/p>\n<p style=\"font-weight: 400;\">O Festival Verbo Gentileza \u00e9 uma realiza\u00e7\u00e3o da Secretaria Especial da Cultura, do Minist\u00e9rio do Turismo. \u00c9 executado por meio da\u00a0Lei Federal de Incentivo \u00e0 Cultura, com patroc\u00ednio do Instituto Unimed-BH, por meio do incentivo de mais de 5,2 mil m\u00e9dicos cooperados e colaboradores, e da Gerdau, com apoio de Patrus Transportes, IMAP e Do Brasil Live.<\/p>\n<p style=\"font-weight: 400;\"><strong>Programa\u00e7\u00e3o:<\/strong><\/p>\n<p style=\"font-weight: 400;\">O Portal da Gentileza, com suas fitas coloridas \u2013 marca registrada do evento \u2013, estar\u00e1 novamente na Pra\u00e7a, como uma passagem para uma outra atmosfera. Desta vez, a experi\u00eancia ser\u00e1 olfativa, visual e sonora. As atra\u00e7\u00f5es est\u00e3o concentradas em tr\u00eas locais da Pra\u00e7a Floriano Peixoto: no Palco Instituto Unimed-BH, na Alameda e tamb\u00e9m no gramado, onde ocorre o Piquenique Regenera, com rodas de conversa,\u00a0<em>performances<\/em>\u00a0e uma apresenta\u00e7\u00e3o musical. Tudo ser\u00e1 transmitido ao vivo, via\u00a0<em>streaming<\/em>, para ampliar a rede da gentileza e para que mais pessoas possam conferir os conte\u00fados. A mestre de cerim\u00f4nias ser\u00e1 Babi Amaral.<\/p>\n<p style=\"font-weight: 400;\">O Palco Instituto Unimed-BH concentra os\u00a0<em>shows<\/em>\u00a0que v\u00e3o embalar o p\u00fablico e criar a atmosfera j\u00e1 t\u00e3o conhecida do Festival. No dia<strong>\u00a019 de agosto<\/strong>, com programa\u00e7\u00e3o que vai das 18h \u00e0s 22h, ter\u00e1 aula de Yoga Cantada, com Fl\u00e1via Ferraz, e se apresentam Maiara Moraes e Glaw Nader Octeto, com abertura de Gurusangat. J\u00e1 no<strong>\u00a0dia 20<\/strong>, o p\u00fablico conta com atra\u00e7\u00f5es das 9h \u00e0s 22h e confere\u00a0<em>shows<\/em>\u00a0com D\u00e9cio Gioielli &#8211; \u201cCaetano Veloso em Kalimba\u201d, Clube da Esquina para Crian\u00e7as, DJs Kingdom e Palomita, Radio Exodus e Sexteto Sucupira. No \u00faltimo dia do Festival, dia\u00a0<strong>21<\/strong>, h\u00e1 aula de Yoga Gongo, com Renato Moura, Gabriel Bruce e ICONILI.<\/p>\n<p style=\"font-weight: 400;\">Entre as rodas de conversa, \u00e9 poss\u00edvel participar de di\u00e1logos com temas como ESG, Sustentabilidade, Gentileza e muito mais. Tamb\u00e9m h\u00e1 viv\u00eancias com Yoga, experi\u00eancias como a Bolhaterapia,\u00a0<em>performances<\/em>\u00a0e\u00a0<em>shows<\/em>\u00a0realizados no gramado.<\/p>\n<p style=\"font-weight: 400;\"><strong>Circuito de Festivais: Verbo Gentileza + Festival Rol\u00e9 + Savassi Festival<\/strong><\/p>\n<p style=\"font-weight: 400;\">Neste ano, o Verbo Gentileza se juntou a outros eventos da cidade que acontecem tamb\u00e9m no m\u00eas de agosto. Atra\u00e7\u00f5es do\u00a0<strong>Festival Rol\u00e9<\/strong>\u00a0est\u00e3o inclu\u00eddas na programa\u00e7\u00e3o e foi criado um circuito com o\u00a0<strong>Savassi Festival<\/strong>. O p\u00fablico ter\u00e1 muitas op\u00e7\u00f5es de entretenimento. Essa\u00a0<em>collab<\/em>\u00a0foi viabilizada pelo Instituto Unimed-BH, por meio do incentivo aos dois projetos.<\/p>\n<p style=\"font-weight: 400;\">\u201cSempre houve uma quest\u00e3o de datas. Conversamos com os produtores para tentar dias diferentes, at\u00e9 que pensamos: por que n\u00e3o fazer juntos? Dentro dessa l\u00f3gica, criamos um circuito de festivais. Verbo Gentileza est\u00e1 acolhendo dentro da Floriano Peixoto o Festival Rol\u00ea e criando um circuito com o Savassi Festival. Em vez de concorrer, nos juntamos na vontade de criar e oferecer um grande circuito para BH no m\u00eas de agosto. Afinal, a vontade coletiva da humanidade \u00e9 a for\u00e7a dominante para o estabelecimento de perspectivas de um presente mais gentil e de futuros mais desej\u00e1veis\u201d, comenta Patr\u00edcia.<\/p>\n<p style=\"font-weight: 400;\"><strong>Floresta Verbo Gentileza<\/strong><\/p>\n<p style=\"font-weight: 400;\">Como maneira de trazer a sustentabilidade e a pauta do ESG (environmental,\u00a0social and governance) ao festival, foi firmada uma parceria com o Abundance Brasil, que prop\u00f5e a restaura\u00e7\u00e3o ambiental do Brasil por meio do plantio de 110.000 \u00e1rvores nativas que s\u00e3o tokenizadas e geram cr\u00e9ditos de carbono.\u00a0Os 110.000 tokens gerados para essa floresta representam uma gera\u00e7\u00e3o igualit\u00e1ria aos investidores que adquirirem o ativo.<\/p>\n","protected":false},"excerpt":{"rendered":"<p>Festival Verbogentileza &#8211; cr\u00e9dito &#8211; Giovanny S\u00e1.\u00a0 Atra\u00e7\u00f5es ser\u00e3o transmitidas tamb\u00e9m via streaming, potencializando ainda mais os di\u00e1logos propostos pelo Festival Se respirar nos fortalece, regenerar nos realiza. \u00c9 a partir dessa premissa que o\u00a0Festival Verbo Gentileza\u00a0chega \u00e0 sua 7\u00aa edi\u00e7\u00e3o com o tema \u201cRespirar &amp; Regenerar\u201d. A\u00a0Pra\u00e7a Floriano Peixoto, espa\u00e7o p\u00fablico e democr\u00e1tico que [&hellip;]<\/p>\n","protected":false},"author":3,"featured_media":872,"comment_status":"open","ping_status":"open","sticky":true,"template":"","format":"standard","meta":[],"categories":[161],"tags":[],"_links":{"self":[{"href":"http:\/\/folhaminasgerais.com.br\/index.php\/wp-json\/wp\/v2\/posts\/871"}],"collection":[{"href":"http:\/\/folhaminasgerais.com.br\/index.php\/wp-json\/wp\/v2\/posts"}],"about":[{"href":"http:\/\/folhaminasgerais.com.br\/index.php\/wp-json\/wp\/v2\/types\/post"}],"author":[{"embeddable":true,"href":"http:\/\/folhaminasgerais.com.br\/index.php\/wp-json\/wp\/v2\/users\/3"}],"replies":[{"embeddable":true,"href":"http:\/\/folhaminasgerais.com.br\/index.php\/wp-json\/wp\/v2\/comments?post=871"}],"version-history":[{"count":2,"href":"http:\/\/folhaminasgerais.com.br\/index.php\/wp-json\/wp\/v2\/posts\/871\/revisions"}],"predecessor-version":[{"id":874,"href":"http:\/\/folhaminasgerais.com.br\/index.php\/wp-json\/wp\/v2\/posts\/871\/revisions\/874"}],"wp:featuredmedia":[{"embeddable":true,"href":"http:\/\/folhaminasgerais.com.br\/index.php\/wp-json\/wp\/v2\/media\/872"}],"wp:attachment":[{"href":"http:\/\/folhaminasgerais.com.br\/index.php\/wp-json\/wp\/v2\/media?parent=871"}],"wp:term":[{"taxonomy":"category","embeddable":true,"href":"http:\/\/folhaminasgerais.com.br\/index.php\/wp-json\/wp\/v2\/categories?post=871"},{"taxonomy":"post_tag","embeddable":true,"href":"http:\/\/folhaminasgerais.com.br\/index.php\/wp-json\/wp\/v2\/tags?post=871"}],"curies":[{"name":"wp","href":"https:\/\/api.w.org\/{rel}","templated":true}]}}