{"id":875,"date":"2022-08-10T15:17:04","date_gmt":"2022-08-10T18:17:04","guid":{"rendered":"http:\/\/folhaminasgerais.com.br\/?p=875"},"modified":"2022-08-10T15:18:17","modified_gmt":"2022-08-10T18:18:17","slug":"parque-luccas-neto-e-sua-turma-dos-aventureiros-vai-agitar-o-shopping-del-rey","status":"publish","type":"post","link":"http:\/\/folhaminasgerais.com.br\/index.php\/2022\/08\/10\/parque-luccas-neto-e-sua-turma-dos-aventureiros-vai-agitar-o-shopping-del-rey\/","title":{"rendered":"PARQUE \u201cLUCCAS NETO E SUA TURMA DOS AVENTUREIROS\u201d VAI AGITAR O SHOPPING DEL REY"},"content":{"rendered":"<p class=\"m_6933572863053542140ql-align-center\" style=\"text-align: center;\" align=\"center\"><strong><em>Atra\u00e7\u00e3o in\u00e9dita em BH \u00e9 inspirada na s\u00e9rie de sucesso do youtuber Luccas Neto e promete muita divers\u00e3o \u00e0s crian\u00e7as<\/em><\/strong><u><\/u><u><\/u><\/p>\n<p class=\"m_6933572863053542140ql-align-justify\">\u00a0<u><\/u><u><\/u><\/p>\n<p class=\"m_6933572863053542140ql-align-justify pk-dropcap pk-dropcap-borders\"><strong>Q<\/strong>uem \u00e9 f\u00e3 de Luccas Neto e da saga &#8220;Os Aventureiros&#8221; poder\u00e1 viver um pouco do clima da atra\u00e7\u00e3o no Shopping Del Rey. Um parque tem\u00e1tico inspirado na Cidade da Alegria foi montado na Pra\u00e7a de Eventos (1\u00b0 piso) para que as crian\u00e7as se divirtam com seus personagens favoritos.<u><\/u><u><\/u><\/p>\n<p class=\"m_6933572863053542140ql-align-justify\">O espa\u00e7o tem decora\u00e7\u00e3o l\u00fadica e v\u00e1rias atividades para inspirar os pequenos a colocarem em pr\u00e1tica os poderes dos aventureiros azul, amarelo, vermelha e rosa. Um tobog\u00e3 gigante e infl\u00e1vel vai despertar a coragem nas crian\u00e7as e dar\u00e1 acesso \u00e0 piscina de bolinhas, onde ser\u00e1 preciso ter muita for\u00e7a para chegar ao outro lado. J\u00e1 na oficina de colorir, a galerinha vai poder expressar o seu amor pela arte e, ainda, testar sua velocidade na montagem do quebra-cabe\u00e7a,\u00a0que traz a imagem dos personagens.<u><\/u><u><\/u><\/p>\n<p class=\"m_6933572863053542140ql-align-justify\">O Parque \u201cLuccas Neto e sua turma dos Aventureiros\u201d conta ainda com uma lojinha, onde os f\u00e3 encontram produtos licenciados da marca. A atra\u00e7\u00e3o permanece no Shopping Del Rey at\u00e9 o dia 28 de agosto. Os ingressos custam a partir de R$ 35 (perman\u00eancia de at\u00e9 30 minutos). Saiba mais no site:\u00a0<a href=\"https:\/\/www.shoppingdelrey.com.br\/eventos\/lucas-neto-e-os-aventureiros\" target=\"_blank\" rel=\"noopener\" data-saferedirecturl=\"https:\/\/www.google.com\/url?q=https:\/\/www.shoppingdelrey.com.br\/eventos\/lucas-neto-e-os-aventureiros&amp;source=gmail&amp;ust=1660239368690000&amp;usg=AOvVaw3VVUqnuW8DyN7e2cUcfPck\">https:\/\/www.shoppingdelrey.com.br\/eventos\/lucas-neto-e-os-aventureiros<\/a><u><\/u><u><\/u><\/p>\n<p class=\"m_6933572863053542140ql-align-justify\"><strong><u>Servi\u00e7o:<\/u><\/strong><u><\/u><u><\/u><\/p>\n<p class=\"m_6933572863053542140ql-align-justify\"><strong>Parque \u201cLuccas Neto e sua turma dos Aventureiros\u201d no Shopping Del Rey<\/strong><u><\/u><u><\/u><\/p>\n<p class=\"m_6933572863053542140ql-align-justify\">At\u00e9 28 de agosto<u><\/u><u><\/u><\/p>\n<p class=\"m_6933572863053542140ql-align-justify\"><strong>Endere\u00e7o:\u00a0<\/strong>Av. presidente Carlos Luz, 3001, Pampulha.<u><\/u><u><\/u><\/p>\n<p class=\"m_6933572863053542140ql-align-justify\"><strong>Ingressos:\u00a0<\/strong>a partir de R$ 35 (perman\u00eancia de at\u00e9 30 minutos), R$ 60 (sess\u00e3o de 1 hora) e R$ 1 o minuto adicional.<u><\/u><u><\/u><\/p>\n<p class=\"m_6933572863053542140ql-align-justify\"><strong>Faixa et\u00e1ria:\u00a0<\/strong>Entre 3 e 10 anos &#8211; Crian\u00e7as menores de 4 anos devem, obrigatoriamente, estar acompanhadas de seus pais ou respons\u00e1veis durante a perman\u00eancia no local. Neste caso, o acompanhante n\u00e3o paga<u><\/u><u><\/u><\/p>\n<p class=\"m_6933572863053542140ql-align-justify\"><strong>Informa\u00e7\u00f5es:\u00a0<\/strong><a href=\"https:\/\/www.shoppingdelrey.com.br\/eventos\/lucas-neto-e-os-aventureiros\" target=\"_blank\" rel=\"noopener\" data-saferedirecturl=\"https:\/\/www.google.com\/url?q=https:\/\/www.shoppingdelrey.com.br\/eventos\/lucas-neto-e-os-aventureiros&amp;source=gmail&amp;ust=1660239368690000&amp;usg=AOvVaw3VVUqnuW8DyN7e2cUcfPck\">https:\/\/www.shoppingdelrey.com.br\/eventos\/lucas-neto-e-os-aventureiros<\/a><u><\/u><u><\/u><\/p>\n","protected":false},"excerpt":{"rendered":"<p>Atra\u00e7\u00e3o in\u00e9dita em BH \u00e9 inspirada na s\u00e9rie de sucesso do youtuber Luccas Neto e promete muita divers\u00e3o \u00e0s crian\u00e7as \u00a0 Quem \u00e9 f\u00e3 de Luccas Neto e da saga &#8220;Os Aventureiros&#8221; poder\u00e1 viver um pouco do clima da atra\u00e7\u00e3o no Shopping Del Rey. Um parque tem\u00e1tico inspirado na Cidade da Alegria foi montado na [&hellip;]<\/p>\n","protected":false},"author":3,"featured_media":876,"comment_status":"open","ping_status":"open","sticky":true,"template":"","format":"standard","meta":[],"categories":[161,168],"tags":[],"_links":{"self":[{"href":"http:\/\/folhaminasgerais.com.br\/index.php\/wp-json\/wp\/v2\/posts\/875"}],"collection":[{"href":"http:\/\/folhaminasgerais.com.br\/index.php\/wp-json\/wp\/v2\/posts"}],"about":[{"href":"http:\/\/folhaminasgerais.com.br\/index.php\/wp-json\/wp\/v2\/types\/post"}],"author":[{"embeddable":true,"href":"http:\/\/folhaminasgerais.com.br\/index.php\/wp-json\/wp\/v2\/users\/3"}],"replies":[{"embeddable":true,"href":"http:\/\/folhaminasgerais.com.br\/index.php\/wp-json\/wp\/v2\/comments?post=875"}],"version-history":[{"count":2,"href":"http:\/\/folhaminasgerais.com.br\/index.php\/wp-json\/wp\/v2\/posts\/875\/revisions"}],"predecessor-version":[{"id":878,"href":"http:\/\/folhaminasgerais.com.br\/index.php\/wp-json\/wp\/v2\/posts\/875\/revisions\/878"}],"wp:featuredmedia":[{"embeddable":true,"href":"http:\/\/folhaminasgerais.com.br\/index.php\/wp-json\/wp\/v2\/media\/876"}],"wp:attachment":[{"href":"http:\/\/folhaminasgerais.com.br\/index.php\/wp-json\/wp\/v2\/media?parent=875"}],"wp:term":[{"taxonomy":"category","embeddable":true,"href":"http:\/\/folhaminasgerais.com.br\/index.php\/wp-json\/wp\/v2\/categories?post=875"},{"taxonomy":"post_tag","embeddable":true,"href":"http:\/\/folhaminasgerais.com.br\/index.php\/wp-json\/wp\/v2\/tags?post=875"}],"curies":[{"name":"wp","href":"https:\/\/api.w.org\/{rel}","templated":true}]}}