{"id":882,"date":"2022-08-10T15:56:32","date_gmt":"2022-08-10T18:56:32","guid":{"rendered":"http:\/\/folhaminasgerais.com.br\/?p=882"},"modified":"2022-08-10T16:03:42","modified_gmt":"2022-08-10T19:03:42","slug":"sem-prevencao-obesidade-pode-aumentar-em-mais-de-40-ate-2030-aponta-pesquisa","status":"publish","type":"post","link":"http:\/\/folhaminasgerais.com.br\/index.php\/2022\/08\/10\/sem-prevencao-obesidade-pode-aumentar-em-mais-de-40-ate-2030-aponta-pesquisa\/","title":{"rendered":"Sem preven\u00e7\u00e3o, obesidade pode aumentar em mais de 40% at\u00e9 2030, aponta pesquisa"},"content":{"rendered":"<p style=\"text-align: center;\"><em><strong>M\u00e9dico indica as principais formas de cuidado para evitar que esse dado se concretize<\/strong><\/em><\/p>\n<p>&nbsp;<\/p>\n<p>De acordo com a pesquisa Vigitel 2021, do Minist\u00e9rio da Sa\u00fade, 22,35% da popula\u00e7\u00e3o brasileira j\u00e1 est\u00e1 obesa. Enquanto isso, seis em cada 10 brasileiros apresentam sobrepeso. Um dado liberado pelo o Instituto de Estudos de Sa\u00fade Suplementar (IESS) durante o semin\u00e1rio &#8220;Obesidade no Brasil: impactos sociais e econ\u00f4micos e como vencer essa pandemia&#8221;, em junho deste ano, mostrou outra realidade alarmante: se a popula\u00e7\u00e3o n\u00e3o se prevenir da forma adequada, at\u00e9 2030, o \u00edndice de obesidade no pa\u00eds pode aumentar em 46%.<\/p>\n<p>&nbsp;<\/p>\n<p>Tais n\u00fameros evidenciam algo que especialistas da \u00e1rea sempre destacam: a preven\u00e7\u00e3o \u00e9 o melhor caminho para evitar o desenvolvimento da obesidade e, consequentemente, impedir tamb\u00e9m o crescimento das doen\u00e7as associadas ao quadro.<\/p>\n<p><strong>Fatores de risco<\/strong><\/p>\n<p>O m\u00e9dico p\u00f3s-graduado em endocrinologia e tratamento da obesidade, Dr. Andr\u00e9 Moreira, explica que, atualmente, os reflexos da pandemia de Covid-19 est\u00e3o entre as principais causas do problema. \u201cNos \u00faltimos anos, observamos o aumento de alguns comportamentos considerados de risco, como o maior consumo de alimentos processados, o isolamento social que contribui para o sedentarismo, al\u00e9m do estresse e ansiedade que podem tamb\u00e9m estar relacionados ao consumo exagerado de comida\u201d, alerta.<\/p>\n<p>No entanto, Andr\u00e9 ressalta que essa n\u00e3o \u00e9 a \u00fanica raz\u00e3o. \u201cA pandemia pode, sim, ser um fator agravante, mas, mesmo antes disso, era poss\u00edvel observar o aumento da obesidade. Muito disso pode estar relacionado n\u00e3o s\u00f3 ao estilo de vida individual, mas tamb\u00e9m \u00e0 cultura sobre o que a popula\u00e7\u00e3o em geral mais consome e a falta de informa\u00e7\u00e3o adequada\u201d, indica.<\/p>\n<p>Por esse motivo, segundo o m\u00e9dico, \u00e9 importante que os bons h\u00e1bitos alimentares sejam estimulados dentro e fora de casa, desde a inf\u00e2ncia. \u201cNunca \u00e9 tarde para iniciar uma rotina alimentar adequada acompanhada de atividade f\u00edsica e outros h\u00e1bitos saud\u00e1veis. Mas o fato \u00e9 que iniciar esse comportamento desde a inf\u00e2ncia, com bons exemplos em casa, est\u00edmulo nas escolas, com campanhas p\u00fablicas adequadas e outras medidas, facilita muito o caminho por toda a vida adulta\u201d, indica.<\/p>\n<p><strong>F\u00e9rias escolares<\/strong><\/p>\n<p>Aproveitando o assunto, Andr\u00e9 cita, por exemplo, os h\u00e1bitos que precisam de aten\u00e7\u00e3o durante o per\u00edodo de f\u00e9rias. \u201cNessa \u00e9poca, \u00e9 comum oferecer mais guloseimas as crian\u00e7as e muitos pais aproveitam para comer tamb\u00e9m. N\u00e3o h\u00e1 nada de errado em oferecer esse tipo de alimento, desde que seja com equil\u00edbrio. O problema \u00e9 que, muitas vezes, por ser um momento de \u2018folga\u2019, os pais e as crian\u00e7as acabam exagerando e isso \u00e9 uma porta de entrada para outros h\u00e1bitos que n\u00e3o fazem bem. Portanto, a dica \u00e9 continuar oferecendo op\u00e7\u00f5es saud\u00e1veis, mas de forma divertida para que as crian\u00e7as vejam que comer bem \u00e9 \u00f3timo em qualquer momento da vida\u201d, indica.<\/p>\n<p><strong><em>Fonte: Andr\u00e9 Moreira, formado em Medicina, desde 2008, pela Universidade Federal De Minas Gerais &#8211; UFMG, p\u00f3s-graduado em endocrinologia e tratamento da obesidade. @drandre.moreira.<\/em><\/strong><\/p>\n","protected":false},"excerpt":{"rendered":"<p>M\u00e9dico indica as principais formas de cuidado para evitar que esse dado se concretize &nbsp; De acordo com a pesquisa Vigitel 2021, do Minist\u00e9rio da Sa\u00fade, 22,35% da popula\u00e7\u00e3o brasileira j\u00e1 est\u00e1 obesa. Enquanto isso, seis em cada 10 brasileiros apresentam sobrepeso. Um dado liberado pelo o Instituto de Estudos de Sa\u00fade Suplementar (IESS) durante [&hellip;]<\/p>\n","protected":false},"author":3,"featured_media":883,"comment_status":"open","ping_status":"open","sticky":true,"template":"","format":"standard","meta":[],"categories":[1],"tags":[],"_links":{"self":[{"href":"http:\/\/folhaminasgerais.com.br\/index.php\/wp-json\/wp\/v2\/posts\/882"}],"collection":[{"href":"http:\/\/folhaminasgerais.com.br\/index.php\/wp-json\/wp\/v2\/posts"}],"about":[{"href":"http:\/\/folhaminasgerais.com.br\/index.php\/wp-json\/wp\/v2\/types\/post"}],"author":[{"embeddable":true,"href":"http:\/\/folhaminasgerais.com.br\/index.php\/wp-json\/wp\/v2\/users\/3"}],"replies":[{"embeddable":true,"href":"http:\/\/folhaminasgerais.com.br\/index.php\/wp-json\/wp\/v2\/comments?post=882"}],"version-history":[{"count":1,"href":"http:\/\/folhaminasgerais.com.br\/index.php\/wp-json\/wp\/v2\/posts\/882\/revisions"}],"predecessor-version":[{"id":884,"href":"http:\/\/folhaminasgerais.com.br\/index.php\/wp-json\/wp\/v2\/posts\/882\/revisions\/884"}],"wp:featuredmedia":[{"embeddable":true,"href":"http:\/\/folhaminasgerais.com.br\/index.php\/wp-json\/wp\/v2\/media\/883"}],"wp:attachment":[{"href":"http:\/\/folhaminasgerais.com.br\/index.php\/wp-json\/wp\/v2\/media?parent=882"}],"wp:term":[{"taxonomy":"category","embeddable":true,"href":"http:\/\/folhaminasgerais.com.br\/index.php\/wp-json\/wp\/v2\/categories?post=882"},{"taxonomy":"post_tag","embeddable":true,"href":"http:\/\/folhaminasgerais.com.br\/index.php\/wp-json\/wp\/v2\/tags?post=882"}],"curies":[{"name":"wp","href":"https:\/\/api.w.org\/{rel}","templated":true}]}}