{"id":893,"date":"2022-08-12T12:00:14","date_gmt":"2022-08-12T15:00:14","guid":{"rendered":"http:\/\/folhaminasgerais.com.br\/?p=893"},"modified":"2022-08-12T12:09:16","modified_gmt":"2022-08-12T15:09:16","slug":"shopping-del-rey-recebe-feira-internacional-nacoes-artes","status":"publish","type":"post","link":"http:\/\/folhaminasgerais.com.br\/index.php\/2022\/08\/12\/shopping-del-rey-recebe-feira-internacional-nacoes-artes\/","title":{"rendered":"SHOPPING DEL REY RECEBE FEIRA INTERNACIONAL NA\u00c7\u00d5ES &amp; ARTES"},"content":{"rendered":"<p>Quem ama viajar e colecionar lembran\u00e7as de diferentes partes do mundo poder\u00e1 ter tudo isso sem sair de Belo Horizonte. At\u00e9 o dia 31 de agosto, a Na\u00e7\u00f5es &amp; Artes Feira Internacional de Artesanato re\u00fane no Shopping Del Rey milhares de pe\u00e7as exclusivas e artesanatos locais de v\u00e1rios pa\u00edses. A visita\u00e7\u00e3o \u00e9 gratuita e aberta ao p\u00fablico.<u><\/u><u><\/u><\/p>\n<p><u><\/u>\u00a0<u><\/u><\/p>\n<p>O evento por si s\u00f3 j\u00e1 \u00e9 uma atra\u00e7\u00e3o. Cada\u00a0<em>stand<\/em>\u00a0\u00e9 cuidadosamente ambientado com refer\u00eancias da sua regi\u00e3o de origem e exp\u00f5e produtos diversos, como tape\u00e7aria, artesanato, vestu\u00e1rio, acess\u00f3rios, joias, tecidos, artigos de decora\u00e7\u00e3o, bijuterias e obras de arte. No espa\u00e7o h\u00e1 itens de pa\u00edses dos quatro cantos do mundo, como: It\u00e1lia, Estados Unidos, Paquist\u00e3o, Gr\u00e9cia, \u00cdndia, Marrocos, Polin\u00e9sia Francesa e Brasil.<u><\/u><u><\/u><\/p>\n<p><u><\/u>\u00a0<u><\/u><\/p>\n<p>Al\u00e9m de visitar a feira e conhecer um pouco da cultura do pa\u00eds, os consumidores ter\u00e3o a oportunidade de adquirir produtos diferenciados, a partir de R$ 15 e levarem consigo uma lembran\u00e7a cultural.<u><\/u><u><\/u><\/p>\n<p><u><\/u>\u00a0<u><\/u><\/p>\n<p>A Na\u00e7\u00f5es &amp; Artes funciona diariamente, conforme o hor\u00e1rio de funcionamento do Shopping Del Rey: de segunda a s\u00e1bado, das 10h \u00e0s 22h, e domingos e feriados, das 14h \u00e0s 22h.<u><\/u><u><\/u><\/p>\n<p><u><\/u>\u00a0<u><\/u><\/p>\n<p>Para garantir a tranquilidade e o bem-estar dos visitantes, o evento se preparou e cumpre todos os protocolos que a Organiza\u00e7\u00e3o Mundial de Sa\u00fade (OMS) exige para preven\u00e7\u00e3o \u00e0 contamina\u00e7\u00e3o pelo Coronav\u00edrus. O espa\u00e7o disponibiliza \u00e1lcool gel para seus frequentadores e conta com uma rotina peri\u00f3dica de higieniza\u00e7\u00e3o dos produtos. Al\u00e9m disso, todos os colaboradores usam m\u00e1scaras.<u><\/u><u><\/u><\/p>\n<p><u><\/u>\u00a0<u><\/u><\/p>\n<p>A feira j\u00e1 passou por mais de 50 cidades do pa\u00eds. \u201cAcreditamos que podemos alegrar os moradores da cidade de Belo Horizonte, com a nossa arte e ajudar na economia local\u201d, afirma Juliano Michei, idealizador do evento.<u><\/u><u><\/u><\/p>\n<p><u><\/u>\u00a0<u><\/u><\/p>\n<p><strong>SERVI\u00c7O:<\/strong><u><\/u><u><\/u><\/p>\n<p><strong>Feira Internacional de Artesanato e Decora\u00e7\u00f5es \u2013 Na\u00e7\u00f5es &amp; Artes<\/strong><u><\/u><u><\/u><\/p>\n<p>Entrada gratuita<u><\/u><u><\/u><\/p>\n<p><strong>Local:<\/strong>\u00a0Shopping Del Rey<u><\/u><u><\/u><\/p>\n<p><strong>Data:<\/strong>\u00a0at\u00e9 o dia 31\/08<u><\/u><u><\/u><\/p>\n<p><strong>Mais informa\u00e7\u00f5es:<\/strong>\u00a0Weverton Barroso (27)9.8183-6053<\/p>\n","protected":false},"excerpt":{"rendered":"<p>Quem ama viajar e colecionar lembran\u00e7as de diferentes partes do mundo poder\u00e1 ter tudo isso sem sair de Belo Horizonte. At\u00e9 o dia 31 de agosto, a Na\u00e7\u00f5es &amp; Artes Feira Internacional de Artesanato re\u00fane no Shopping Del Rey milhares de pe\u00e7as exclusivas e artesanatos locais de v\u00e1rios pa\u00edses. A visita\u00e7\u00e3o \u00e9 gratuita e aberta [&hellip;]<\/p>\n","protected":false},"author":3,"featured_media":894,"comment_status":"open","ping_status":"open","sticky":true,"template":"","format":"standard","meta":[],"categories":[165],"tags":[],"_links":{"self":[{"href":"http:\/\/folhaminasgerais.com.br\/index.php\/wp-json\/wp\/v2\/posts\/893"}],"collection":[{"href":"http:\/\/folhaminasgerais.com.br\/index.php\/wp-json\/wp\/v2\/posts"}],"about":[{"href":"http:\/\/folhaminasgerais.com.br\/index.php\/wp-json\/wp\/v2\/types\/post"}],"author":[{"embeddable":true,"href":"http:\/\/folhaminasgerais.com.br\/index.php\/wp-json\/wp\/v2\/users\/3"}],"replies":[{"embeddable":true,"href":"http:\/\/folhaminasgerais.com.br\/index.php\/wp-json\/wp\/v2\/comments?post=893"}],"version-history":[{"count":1,"href":"http:\/\/folhaminasgerais.com.br\/index.php\/wp-json\/wp\/v2\/posts\/893\/revisions"}],"predecessor-version":[{"id":895,"href":"http:\/\/folhaminasgerais.com.br\/index.php\/wp-json\/wp\/v2\/posts\/893\/revisions\/895"}],"wp:featuredmedia":[{"embeddable":true,"href":"http:\/\/folhaminasgerais.com.br\/index.php\/wp-json\/wp\/v2\/media\/894"}],"wp:attachment":[{"href":"http:\/\/folhaminasgerais.com.br\/index.php\/wp-json\/wp\/v2\/media?parent=893"}],"wp:term":[{"taxonomy":"category","embeddable":true,"href":"http:\/\/folhaminasgerais.com.br\/index.php\/wp-json\/wp\/v2\/categories?post=893"},{"taxonomy":"post_tag","embeddable":true,"href":"http:\/\/folhaminasgerais.com.br\/index.php\/wp-json\/wp\/v2\/tags?post=893"}],"curies":[{"name":"wp","href":"https:\/\/api.w.org\/{rel}","templated":true}]}}