{"id":251,"count":1,"description":"","link":"http:\/\/folhaminasgerais.com.br\/index.php\/tag\/elevar-a-autoestima-das-mulheres-e-promover-a-conscientizacao-sobre-a-importancia-do-autoexame-essa-iniciativa-transforma-o-minas-fashion-week\/","name":"elevar a autoestima das mulheres e promover a conscientiza\u00e7\u00e3o sobre a import\u00e2ncia do autoexame. \"Essa iniciativa transforma o MINAS FASHION WEEK","slug":"elevar-a-autoestima-das-mulheres-e-promover-a-conscientizacao-sobre-a-importancia-do-autoexame-essa-iniciativa-transforma-o-minas-fashion-week","taxonomy":"post_tag","meta":[],"_links":{"self":[{"href":"http:\/\/folhaminasgerais.com.br\/index.php\/wp-json\/wp\/v2\/tags\/251"}],"collection":[{"href":"http:\/\/folhaminasgerais.com.br\/index.php\/wp-json\/wp\/v2\/tags"}],"about":[{"href":"http:\/\/folhaminasgerais.com.br\/index.php\/wp-json\/wp\/v2\/taxonomies\/post_tag"}],"wp:post_type":[{"href":"http:\/\/folhaminasgerais.com.br\/index.php\/wp-json\/wp\/v2\/posts?tags=251"}],"curies":[{"name":"wp","href":"https:\/\/api.w.org\/{rel}","templated":true}]}}