{"id":282,"count":1,"description":"","link":"http:\/\/folhaminasgerais.com.br\/index.php\/tag\/presidente-da-associacao-dos-artesaos-e-produtores-caseiros-de-mario-campos-aartemc-e-demais-participantes\/","name":"presidente da Associa\u00e7\u00e3o dos Artes\u00e3os e Produtores Caseiros de M\u00e1rio Campos (AARTEMC) e demais participantes","slug":"presidente-da-associacao-dos-artesaos-e-produtores-caseiros-de-mario-campos-aartemc-e-demais-participantes","taxonomy":"post_tag","meta":[],"_links":{"self":[{"href":"http:\/\/folhaminasgerais.com.br\/index.php\/wp-json\/wp\/v2\/tags\/282"}],"collection":[{"href":"http:\/\/folhaminasgerais.com.br\/index.php\/wp-json\/wp\/v2\/tags"}],"about":[{"href":"http:\/\/folhaminasgerais.com.br\/index.php\/wp-json\/wp\/v2\/taxonomies\/post_tag"}],"wp:post_type":[{"href":"http:\/\/folhaminasgerais.com.br\/index.php\/wp-json\/wp\/v2\/posts?tags=282"}],"curies":[{"name":"wp","href":"https:\/\/api.w.org\/{rel}","templated":true}]}}